{"id":5818,"date":"2017-03-11T20:00:23","date_gmt":"2017-03-11T23:00:23","guid":{"rendered":"http:\/\/www.partidogen.org.ar\/web\/?p=5818"},"modified":"2017-03-14T23:53:06","modified_gmt":"2017-03-15T02:53:06","slug":"audiencia-publica-por-tarifas-de-gas-sergio-abrevaya","status":"publish","type":"post","link":"https:\/\/www.partidogen.org.ar\/web\/audiencia-publica-por-tarifas-de-gas-sergio-abrevaya\/","title":{"rendered":"Audiencia P\u00fablica por Tarifas de GAS. Sergio Abrevaya"},"content":{"rendered":"<p><iframe loading=\"lazy\" width=\"560\" height=\"315\" src=\"https:\/\/www.youtube.com\/embed\/kWDjOJxvbXI\" frameborder=\"0\" allowfullscreen><\/iframe><br \/>\n11\/03\/2017, CABA.<br \/>\n<strong><span class=\"first\">S<\/span>ergio Abrevaya, presidente del GEN CABA, se present\u00f3 como orador en la Audiencia P\u00fablica por tarifas de gas natural en el punto de ingreso al sistema de transporte.<\/strong><\/p>\n<p>Durante su presentaci\u00f3n, Abrevaya abord\u00f3 tres temas importantes: el primero, el reclamo de la matriz energ\u00e9tica en Argentina. El 30% del gas que consumimos se utiliza para producir electricidad y el 65% de la misma se produce con termol\u00e9ctricas a Gas o Diesel. El paradigma petrolero de los a\u00f1os 90 se inici\u00f3 con la idea de autoabastecer de petroleo, que pas\u00f3 de ser exportadora al importador. Ese modelo fracas\u00f3. No hay ni gas ni electricidad. Entonces, \u00bfpor qu\u00e9 gastar 3.000 millones de d\u00f3lares en subsidios a esas petroleras para cubrir ese d\u00e9ficit en vez de usarlos en centrales hidroel\u00e9ctricas o termonucleares, que son sustentables en el tiempo?<\/p>\n<p>Luego, el presidente del GEN CABA expres\u00f3 que las petroleras han sido ineficientes: lo que se subsidi\u00f3 tuvo un resultado insuficiente en relaci\u00f3n a lo que se explor\u00f3 y a lo que extrajeron, y aclar\u00f3 que el dinero podr\u00eda utilizarse para financiar y poner en obra alguno de los 30 proyectos que residen en el Ministerio de Energ\u00eda sobre hidroel\u00e9ctricas, por ejemplo.<\/p>\n<p>Por \u00faltimo, tras remarcar la necesidad de evitar los aumentos en este momento de p\u00e9rdida de poder adquisitivo e inflaci\u00f3n,  Abrevaya reiter\u00f3 el pedido realizado por el GEN en el Congreso acerca del quite del regresivo impuesto del IVA de los servicios y solicit\u00f3 agregar a los consorcios en el rango de tarifa social o diferenciada.<\/p>\n","protected":false},"excerpt":{"rendered":"<p>Sergio Abrevaya, presidente del GEN CABA, se present\u00f3 como orador en la Audiencia P\u00fablica por tarifas de gas natural en el punto de ingreso al sistema de transporte.<\/p>\n","protected":false},"author":2,"featured_media":5819,"comment_status":"closed","ping_status":"closed","sticky":false,"template":"","format":"standard","meta":{"footnotes":""},"categories":[44,105,115],"tags":[],"class_list":["post-5818","post","type-post","status-publish","format-standard","has-post-thumbnail","hentry","category-actualidad","category-caba","category-sergio-abrevaya"],"_links":{"self":[{"href":"https:\/\/www.partidogen.org.ar\/web\/wp-json\/wp\/v2\/posts\/5818","targetHints":{"allow":["GET"]}}],"collection":[{"href":"https:\/\/www.partidogen.org.ar\/web\/wp-json\/wp\/v2\/posts"}],"about":[{"href":"https:\/\/www.partidogen.org.ar\/web\/wp-json\/wp\/v2\/types\/post"}],"author":[{"embeddable":true,"href":"https:\/\/www.partidogen.org.ar\/web\/wp-json\/wp\/v2\/users\/2"}],"replies":[{"embeddable":true,"href":"https:\/\/www.partidogen.org.ar\/web\/wp-json\/wp\/v2\/comments?post=5818"}],"version-history":[{"count":0,"href":"https:\/\/www.partidogen.org.ar\/web\/wp-json\/wp\/v2\/posts\/5818\/revisions"}],"wp:featuredmedia":[{"embeddable":true,"href":"https:\/\/www.partidogen.org.ar\/web\/wp-json\/wp\/v2\/media\/5819"}],"wp:attachment":[{"href":"https:\/\/www.partidogen.org.ar\/web\/wp-json\/wp\/v2\/media?parent=5818"}],"wp:term":[{"taxonomy":"category","embeddable":true,"href":"https:\/\/www.partidogen.org.ar\/web\/wp-json\/wp\/v2\/categories?post=5818"},{"taxonomy":"post_tag","embeddable":true,"href":"https:\/\/www.partidogen.org.ar\/web\/wp-json\/wp\/v2\/tags?post=5818"}],"curies":[{"name":"wp","href":"https:\/\/api.w.org\/{rel}","templated":true}]}}