{"id":5515,"date":"2017-02-01T17:55:14","date_gmt":"2017-02-01T20:55:14","guid":{"rendered":"http:\/\/www.partidogen.org.ar\/web\/?p=5515"},"modified":"2017-02-09T17:52:42","modified_gmt":"2017-02-09T20:52:42","slug":"declaracion-del-partido-gen-sobre-el-cierre-de-plantas-y-despidos","status":"publish","type":"post","link":"https:\/\/www.partidogen.org.ar\/web\/declaracion-del-partido-gen-sobre-el-cierre-de-plantas-y-despidos\/","title":{"rendered":"Declaraci\u00f3n del Partido GEN sobre el cierre de Plantas y  Despidos"},"content":{"rendered":"<p>01\/02\/2017.<br \/>\n<strong><span class=\"first\">E<\/span>l Ministerio de trabajo dict\u00f3 por 15 d\u00edas la conciliaci\u00f3n obligatoria en el conflicto de la empresa de computadoras Bangh\u00f3. La firma hab\u00eda anunciado el cierre de la f\u00e1brica en la localidad bonaerense de Vicente L\u00f3pez y el despido de 242 empleados, como consecuencia de la eliminaci\u00f3n del 36% de arancel a la importaci\u00f3n de equipos inform\u00e1ticos.<\/strong><\/p>\n<p>El Partido GEN Nacional expresa preocupaci\u00f3n por el vaciamiento de la planta en Vicente L\u00f3pez y por la situaci\u00f3n de incertidumbre laboral que enfrentan los trabajadores.<\/p>\n<p>M\u00e1s all\u00e1 de que el Secretario de Comercio, Miguel Braun se\u00f1alara el compromiso del Gobierno en cuidar a los trabajadores, la realidad confirma, que la empresa ha dejado de producir, se encuentra en un estado de vaciamiento, sus empleados sin tareas y pareciera que no hay intenci\u00f3n de que entre nuevamente en funcionamiento.<br \/>\n<img loading=\"lazy\" decoding=\"async\" src=\"http:\/\/www.partidogen.org.ar\/web\/wp-content\/uploads\/2016\/05\/LogoGEN-PNG-1-300x181.png\" alt=\"\" width=\"300\" height=\"181\" class=\"aligncenter size-medium wp-image-3632\" srcset=\"https:\/\/www.partidogen.org.ar\/web\/wp-content\/uploads\/2016\/05\/LogoGEN-PNG-1-300x181.png 300w, https:\/\/www.partidogen.org.ar\/web\/wp-content\/uploads\/2016\/05\/LogoGEN-PNG-1-100x60.png 100w, https:\/\/www.partidogen.org.ar\/web\/wp-content\/uploads\/2016\/05\/LogoGEN-PNG-1-150x90.png 150w, https:\/\/www.partidogen.org.ar\/web\/wp-content\/uploads\/2016\/05\/LogoGEN-PNG-1-200x120.png 200w, https:\/\/www.partidogen.org.ar\/web\/wp-content\/uploads\/2016\/05\/LogoGEN-PNG-1-450x271.png 450w, https:\/\/www.partidogen.org.ar\/web\/wp-content\/uploads\/2016\/05\/LogoGEN-PNG-1.png 600w\" sizes=\"auto, (max-width: 300px) 100vw, 300px\" \/><\/p>\n","protected":false},"excerpt":{"rendered":"<p>01\/02\/2017. El Ministerio de trabajo dict\u00f3 por 15 d\u00edas la conciliaci\u00f3n obligatoria en el conflicto de la empresa de computadoras Bangh\u00f3. La firma hab\u00eda anunciado el cierre de la f\u00e1brica en la localidad bonaerense de Vicente L\u00f3pez y el despido de 242 empleados, como consecuencia de la eliminaci\u00f3n del 36% de arancel a la importaci\u00f3n [&hellip;]<\/p>\n","protected":false},"author":2,"featured_media":5289,"comment_status":"closed","ping_status":"closed","sticky":false,"template":"","format":"standard","meta":{"footnotes":""},"categories":[44,2],"tags":[],"class_list":["post-5515","post","type-post","status-publish","format-standard","has-post-thumbnail","hentry","category-actualidad","category-mesa-ejecutiva-partido-gen-nacional"],"_links":{"self":[{"href":"https:\/\/www.partidogen.org.ar\/web\/wp-json\/wp\/v2\/posts\/5515","targetHints":{"allow":["GET"]}}],"collection":[{"href":"https:\/\/www.partidogen.org.ar\/web\/wp-json\/wp\/v2\/posts"}],"about":[{"href":"https:\/\/www.partidogen.org.ar\/web\/wp-json\/wp\/v2\/types\/post"}],"author":[{"embeddable":true,"href":"https:\/\/www.partidogen.org.ar\/web\/wp-json\/wp\/v2\/users\/2"}],"replies":[{"embeddable":true,"href":"https:\/\/www.partidogen.org.ar\/web\/wp-json\/wp\/v2\/comments?post=5515"}],"version-history":[{"count":0,"href":"https:\/\/www.partidogen.org.ar\/web\/wp-json\/wp\/v2\/posts\/5515\/revisions"}],"wp:featuredmedia":[{"embeddable":true,"href":"https:\/\/www.partidogen.org.ar\/web\/wp-json\/wp\/v2\/media\/5289"}],"wp:attachment":[{"href":"https:\/\/www.partidogen.org.ar\/web\/wp-json\/wp\/v2\/media?parent=5515"}],"wp:term":[{"taxonomy":"category","embeddable":true,"href":"https:\/\/www.partidogen.org.ar\/web\/wp-json\/wp\/v2\/categories?post=5515"},{"taxonomy":"post_tag","embeddable":true,"href":"https:\/\/www.partidogen.org.ar\/web\/wp-json\/wp\/v2\/tags?post=5515"}],"curies":[{"name":"wp","href":"https:\/\/api.w.org\/{rel}","templated":true}]}}