{"id":5433,"date":"2016-12-21T20:06:04","date_gmt":"2016-12-21T23:06:04","guid":{"rendered":"http:\/\/www.partidogen.org.ar\/web\/?p=5433"},"modified":"2016-12-28T13:22:37","modified_gmt":"2016-12-28T16:22:37","slug":"declaracion-del-partido-gen-sobre-la-actividad-minera","status":"publish","type":"post","link":"https:\/\/www.partidogen.org.ar\/web\/declaracion-del-partido-gen-sobre-la-actividad-minera\/","title":{"rendered":"Declaraci\u00f3n del Partido GEN sobre la Actividad Minera"},"content":{"rendered":"<p>21\/12\/2016.<br \/>\n<strong><span class=\"first\">L<\/span>as fuerzas de seguridad de la Provincia de San Juan reprimieron a militantes ambientales que manifestaban contra la actividad minera.<\/strong><\/p>\n<p>Nuevamente se privilegian los intereses de las multinacionales aun recurriendo a la detenci\u00f3n de quienes denuncian su actividad contaminante y expoliadora.<\/p>\n<p>Ratificando nuestra posici\u00f3n hist\u00f3rica, reclamamos:<\/p>\n<p>-El cumplimiento inmediato de la Ley Nacional de Glaciares, que da ordenamiento y cuidado ambiental territorial.<\/p>\n<p>-Exigimos con urgencia, responsabilizar penalmente a los ejecutores de los derrames, protagonistas de una profunda contaminaci\u00f3n con alto riesgo humano.<\/p>\n<p>-Repudiamos la criminalizaci\u00f3n de la protesta social ante la manifiesta inacci\u00f3n de los distintos gobiernos, en el cumplimiento del art\u00edculo 41, de nuestra Constituci\u00f3n Nacional, donde se establece que los ciudadanos tienen derecho a gozar de un ambiente sano y equilibrado.<\/p>\n<p>-Reafirmamos, que el pueblo tiene derecho de lucha, aun cuando se toquen los intereses de los sectores concentrados, a esto llamamos Rep\u00fablica.<\/p>\n<p>Instamos al Gobierno Nacional, a que se ocupe del problema central, en materia de contaminaci\u00f3n minera, haciendo cumplir las leyes vigentes.<br \/>\n<img loading=\"lazy\" decoding=\"async\" src=\"http:\/\/www.partidogen.org.ar\/web\/wp-content\/uploads\/2016\/05\/LogoGEN-PNG-1-300x181.png\" alt=\"LogoGEN-PNG\" width=\"300\" height=\"181\" class=\"aligncenter size-medium wp-image-3632\" srcset=\"https:\/\/www.partidogen.org.ar\/web\/wp-content\/uploads\/2016\/05\/LogoGEN-PNG-1-300x181.png 300w, https:\/\/www.partidogen.org.ar\/web\/wp-content\/uploads\/2016\/05\/LogoGEN-PNG-1-100x60.png 100w, https:\/\/www.partidogen.org.ar\/web\/wp-content\/uploads\/2016\/05\/LogoGEN-PNG-1-150x90.png 150w, https:\/\/www.partidogen.org.ar\/web\/wp-content\/uploads\/2016\/05\/LogoGEN-PNG-1-200x120.png 200w, https:\/\/www.partidogen.org.ar\/web\/wp-content\/uploads\/2016\/05\/LogoGEN-PNG-1-450x271.png 450w, https:\/\/www.partidogen.org.ar\/web\/wp-content\/uploads\/2016\/05\/LogoGEN-PNG-1.png 600w\" sizes=\"auto, (max-width: 300px) 100vw, 300px\" \/><\/p>\n","protected":false},"excerpt":{"rendered":"<p>Las fuerzas de seguridad de la Provincia de San Juan reprimieron a militantes ambientales que manifestaban contra la actividad minera.<\/p>\n","protected":false},"author":2,"featured_media":5289,"comment_status":"closed","ping_status":"closed","sticky":false,"template":"","format":"standard","meta":{"footnotes":""},"categories":[44],"tags":[],"class_list":["post-5433","post","type-post","status-publish","format-standard","has-post-thumbnail","hentry","category-actualidad"],"_links":{"self":[{"href":"https:\/\/www.partidogen.org.ar\/web\/wp-json\/wp\/v2\/posts\/5433","targetHints":{"allow":["GET"]}}],"collection":[{"href":"https:\/\/www.partidogen.org.ar\/web\/wp-json\/wp\/v2\/posts"}],"about":[{"href":"https:\/\/www.partidogen.org.ar\/web\/wp-json\/wp\/v2\/types\/post"}],"author":[{"embeddable":true,"href":"https:\/\/www.partidogen.org.ar\/web\/wp-json\/wp\/v2\/users\/2"}],"replies":[{"embeddable":true,"href":"https:\/\/www.partidogen.org.ar\/web\/wp-json\/wp\/v2\/comments?post=5433"}],"version-history":[{"count":0,"href":"https:\/\/www.partidogen.org.ar\/web\/wp-json\/wp\/v2\/posts\/5433\/revisions"}],"wp:featuredmedia":[{"embeddable":true,"href":"https:\/\/www.partidogen.org.ar\/web\/wp-json\/wp\/v2\/media\/5289"}],"wp:attachment":[{"href":"https:\/\/www.partidogen.org.ar\/web\/wp-json\/wp\/v2\/media?parent=5433"}],"wp:term":[{"taxonomy":"category","embeddable":true,"href":"https:\/\/www.partidogen.org.ar\/web\/wp-json\/wp\/v2\/categories?post=5433"},{"taxonomy":"post_tag","embeddable":true,"href":"https:\/\/www.partidogen.org.ar\/web\/wp-json\/wp\/v2\/tags?post=5433"}],"curies":[{"name":"wp","href":"https:\/\/api.w.org\/{rel}","templated":true}]}}