{"id":5382,"date":"2016-12-20T20:02:36","date_gmt":"2016-12-20T23:02:36","guid":{"rendered":"http:\/\/www.partidogen.org.ar\/web\/?p=5382"},"modified":"2016-12-23T15:17:57","modified_gmt":"2016-12-23T18:17:57","slug":"declaracion-del-partido-gen-impuesto-a-las-ganancias-2","status":"publish","type":"post","link":"https:\/\/www.partidogen.org.ar\/web\/declaracion-del-partido-gen-impuesto-a-las-ganancias-2\/","title":{"rendered":"Declaraci\u00f3n del Partido GEN: Impuesto a las Ganancias"},"content":{"rendered":"<p>20\/12\/2016.<br \/>\n<strong><span class=\"first\">E<\/span>l Partido GEN Nacional celebra esta tarde el acuerdo llevado a cabo entre el Gobierno Nacional, los trabajadores, gobernadores y la dirigencia pol\u00edtica por el proyecto de modificaci\u00f3n al impuesto a las ganancias.<\/strong><\/p>\n<p>Lamentamos que el Gobierno Nacional haya perdido la iniciativa de dialogar con las fuerzas pol\u00edticas como ven\u00eda haciendo durante el a\u00f1o, llev\u00e1ndonos hoy a esta situaci\u00f3n.<\/p>\n<p>El Partido GEN, present\u00f3 una iniciativa, a trav\u00e9s de su Diputada Nacional Margarita Stolbizer, que propone crear una Comisi\u00f3n Bicameral para la Reforma Tributaria, conformada por legisladores de ambas C\u00e1maras. La misma tuvo sanci\u00f3n legal conjuntamente con la Ley N\u00b0 27.260 de Reparaci\u00f3n Hist\u00f3rica para Jubilados y Pensionados, pero a\u00fan contin\u00faa sin constituirse.<\/p>\n<p>Consideramos que ser\u00e1 imposible avanzar en ese sentido sin tener antes un sistema tributario progresivo, justo, equitativo y transparente.<\/p>\n<p>Solicitamos a las presidencias de ambas c\u00e1maras que se constituya est\u00e1 Comisi\u00f3n Bicameral para la Reforma Tributaria.<br \/>\n<img loading=\"lazy\" decoding=\"async\" src=\"http:\/\/www.partidogen.org.ar\/web\/wp-content\/uploads\/2016\/05\/LogoGEN-PNG-1-300x181.png\" alt=\"LogoGEN-PNG\" width=\"300\" height=\"181\" class=\"aligncenter size-medium wp-image-3632\" srcset=\"https:\/\/www.partidogen.org.ar\/web\/wp-content\/uploads\/2016\/05\/LogoGEN-PNG-1-300x181.png 300w, https:\/\/www.partidogen.org.ar\/web\/wp-content\/uploads\/2016\/05\/LogoGEN-PNG-1-100x60.png 100w, https:\/\/www.partidogen.org.ar\/web\/wp-content\/uploads\/2016\/05\/LogoGEN-PNG-1-150x90.png 150w, https:\/\/www.partidogen.org.ar\/web\/wp-content\/uploads\/2016\/05\/LogoGEN-PNG-1-200x120.png 200w, https:\/\/www.partidogen.org.ar\/web\/wp-content\/uploads\/2016\/05\/LogoGEN-PNG-1-450x271.png 450w, https:\/\/www.partidogen.org.ar\/web\/wp-content\/uploads\/2016\/05\/LogoGEN-PNG-1.png 600w\" sizes=\"auto, (max-width: 300px) 100vw, 300px\" \/><\/p>\n","protected":false},"excerpt":{"rendered":"<p>20\/12\/2016. El Partido GEN Nacional celebra esta tarde el acuerdo llevado a cabo entre el Gobierno Nacional, los trabajadores, gobernadores y la dirigencia pol\u00edtica por el proyecto de modificaci\u00f3n al impuesto a las ganancias. Lamentamos que el Gobierno Nacional haya perdido la iniciativa de dialogar con las fuerzas pol\u00edticas como ven\u00eda haciendo durante el a\u00f1o, [&hellip;]<\/p>\n","protected":false},"author":2,"featured_media":5289,"comment_status":"closed","ping_status":"closed","sticky":false,"template":"","format":"standard","meta":{"footnotes":""},"categories":[44],"tags":[],"class_list":["post-5382","post","type-post","status-publish","format-standard","has-post-thumbnail","hentry","category-actualidad"],"_links":{"self":[{"href":"https:\/\/www.partidogen.org.ar\/web\/wp-json\/wp\/v2\/posts\/5382","targetHints":{"allow":["GET"]}}],"collection":[{"href":"https:\/\/www.partidogen.org.ar\/web\/wp-json\/wp\/v2\/posts"}],"about":[{"href":"https:\/\/www.partidogen.org.ar\/web\/wp-json\/wp\/v2\/types\/post"}],"author":[{"embeddable":true,"href":"https:\/\/www.partidogen.org.ar\/web\/wp-json\/wp\/v2\/users\/2"}],"replies":[{"embeddable":true,"href":"https:\/\/www.partidogen.org.ar\/web\/wp-json\/wp\/v2\/comments?post=5382"}],"version-history":[{"count":0,"href":"https:\/\/www.partidogen.org.ar\/web\/wp-json\/wp\/v2\/posts\/5382\/revisions"}],"wp:featuredmedia":[{"embeddable":true,"href":"https:\/\/www.partidogen.org.ar\/web\/wp-json\/wp\/v2\/media\/5289"}],"wp:attachment":[{"href":"https:\/\/www.partidogen.org.ar\/web\/wp-json\/wp\/v2\/media?parent=5382"}],"wp:term":[{"taxonomy":"category","embeddable":true,"href":"https:\/\/www.partidogen.org.ar\/web\/wp-json\/wp\/v2\/categories?post=5382"},{"taxonomy":"post_tag","embeddable":true,"href":"https:\/\/www.partidogen.org.ar\/web\/wp-json\/wp\/v2\/tags?post=5382"}],"curies":[{"name":"wp","href":"https:\/\/api.w.org\/{rel}","templated":true}]}}