{"id":5367,"date":"2016-12-20T17:27:30","date_gmt":"2016-12-20T20:27:30","guid":{"rendered":"http:\/\/www.partidogen.org.ar\/web\/?p=5367"},"modified":"2016-12-22T13:29:23","modified_gmt":"2016-12-22T16:29:23","slug":"plenario-nacional-del-partido-gen","status":"publish","type":"post","link":"https:\/\/www.partidogen.org.ar\/web\/plenario-nacional-del-partido-gen\/","title":{"rendered":"Plenario Nacional del Partido GEN"},"content":{"rendered":"<p><img loading=\"lazy\" decoding=\"async\" src=\"http:\/\/www.partidogen.org.ar\/web\/wp-content\/uploads\/2016\/12\/624-300x211.jpg\" alt=\"PLENARIO NACIONAL DEL PARTIDO GEN\" width=\"300\" height=\"211\" class=\"alignright size-medium wp-image-5368\" srcset=\"https:\/\/www.partidogen.org.ar\/web\/wp-content\/uploads\/2016\/12\/624-300x211.jpg 300w, https:\/\/www.partidogen.org.ar\/web\/wp-content\/uploads\/2016\/12\/624-100x70.jpg 100w, https:\/\/www.partidogen.org.ar\/web\/wp-content\/uploads\/2016\/12\/624-150x106.jpg 150w, https:\/\/www.partidogen.org.ar\/web\/wp-content\/uploads\/2016\/12\/624-200x141.jpg 200w, https:\/\/www.partidogen.org.ar\/web\/wp-content\/uploads\/2016\/12\/624-450x317.jpg 450w, https:\/\/www.partidogen.org.ar\/web\/wp-content\/uploads\/2016\/12\/624.jpg 526w\" sizes=\"auto, (max-width: 300px) 100vw, 300px\" \/><br \/>\n17\/12\/2016.<br \/>\n<strong><span class=\"first\">E<\/span>l Partido GEN realiz\u00f3 el Plenario de Delegados para la elecci\u00f3n de las nuevas autoridades de la Mesa Ejecutiva Nacional.<\/strong><\/p>\n<p>Jaime Linares, Senador Nacional fue elegido Presidente de la Mesa Nacional del Partido GEN reemplazando en el cargo a la Diputada Nacional Margarita Stolbizer. La Vicepresidente qued\u00f3 a cargo de M\u00f3nica Peralta y la Vicepresidencia Primera para Miguel Ortiz Pellegrini.<\/p>\n<p>El resto de la mesa quedo integrada de la siguiente manera: Secretario General: Juan Carlos Passo; Secretaria General Adjunta: Marta Lesnaberes; Secretario Econ\u00f3mico Financiero (Tesorero): Omar Duclos; Protesorera: Martha Alchourron; Secretario del Interior: Francisco Larrocca; Secretario de Organizaci\u00f3n Partidaria: Maria Angela La Rosa y el Secretario de Acci\u00f3n Pol\u00edtica: Martin Hourest.<\/p>\n<p>Linares manifest\u00f3 al ser elegido que: \u201cAgradezco la responsabilidad que me deleg\u00f3 el Partido GEN para conducir la Mesa Nacional. Estamos frente a una nueva etapa y desaf\u00edo, esta es la hora del partido y estamos preparados para dar respuestas a los nuevos problemas\u201d.<\/p>\n<p>\u201cLa gente necesita saber que donde este el GEN, estar\u00e1 la defensa de los temas vinculados al progresismo, al medioambiente, a las pol\u00edticas de g\u00e9nero y a los derechos sociales\u201d.<\/p>\n<p>\u201cSomos un partido frentista, con vocaci\u00f3n de di\u00e1logo y debate. Es importante saber porque competimos y a d\u00f3nde queremos ir, sin perder nuestra identidad que se refleja en el  reconocimiento a la coherencia, a la \u00e9tica y a la lucha por la igualdad\u201d.<br \/>\n\n\t\t<style type=\"text\/css\">\n\t\t\t#gallery-1 {\n\t\t\t\tmargin: auto;\n\t\t\t}\n\t\t\t#gallery-1 .gallery-item {\n\t\t\t\tfloat: left;\n\t\t\t\tmargin-top: 10px;\n\t\t\t\ttext-align: center;\n\t\t\t\twidth: 50%;\n\t\t\t}\n\t\t\t#gallery-1 img {\n\t\t\t\tborder: 2px solid #cfcfcf;\n\t\t\t}\n\t\t\t#gallery-1 .gallery-caption {\n\t\t\t\tmargin-left: 0;\n\t\t\t}\n\t\t\t\/* see gallery_shortcode() in wp-includes\/media.php *\/\n\t\t<\/style>\n\t\t<div id='gallery-1' class='gallery galleryid-5367 gallery-columns-2 gallery-size-thumbnail'><dl class='gallery-item'>\n\t\t\t<dt class='gallery-icon landscape'>\n\t\t\t\t<a href='https:\/\/www.partidogen.org.ar\/web\/wp-content\/uploads\/2016\/12\/IMG_8534.jpg'><img loading=\"lazy\" decoding=\"async\" width=\"150\" height=\"150\" src=\"https:\/\/www.partidogen.org.ar\/web\/wp-content\/uploads\/2016\/12\/IMG_8534-150x150.jpg\" class=\"attachment-thumbnail size-thumbnail\" alt=\"\" srcset=\"https:\/\/www.partidogen.org.ar\/web\/wp-content\/uploads\/2016\/12\/IMG_8534-150x150.jpg 150w, https:\/\/www.partidogen.org.ar\/web\/wp-content\/uploads\/2016\/12\/IMG_8534-109x109.jpg 109w, https:\/\/www.partidogen.org.ar\/web\/wp-content\/uploads\/2016\/12\/IMG_8534-100x100.jpg 100w\" sizes=\"auto, (max-width: 150px) 100vw, 150px\" \/><\/a>\n\t\t\t<\/dt><\/dl><dl class='gallery-item'>\n\t\t\t<dt class='gallery-icon landscape'>\n\t\t\t\t<a href='https:\/\/www.partidogen.org.ar\/web\/wp-content\/uploads\/2016\/12\/IMG_8497.jpg'><img loading=\"lazy\" decoding=\"async\" width=\"150\" height=\"150\" src=\"https:\/\/www.partidogen.org.ar\/web\/wp-content\/uploads\/2016\/12\/IMG_8497-150x150.jpg\" class=\"attachment-thumbnail size-thumbnail\" alt=\"\" srcset=\"https:\/\/www.partidogen.org.ar\/web\/wp-content\/uploads\/2016\/12\/IMG_8497-150x150.jpg 150w, https:\/\/www.partidogen.org.ar\/web\/wp-content\/uploads\/2016\/12\/IMG_8497-109x109.jpg 109w, https:\/\/www.partidogen.org.ar\/web\/wp-content\/uploads\/2016\/12\/IMG_8497-100x100.jpg 100w\" sizes=\"auto, (max-width: 150px) 100vw, 150px\" \/><\/a>\n\t\t\t<\/dt><\/dl><br style=\"clear: both\" \/>\n\t\t<\/div>\n","protected":false},"excerpt":{"rendered":"<p>Jaime Linares fue elegido Presidente del Partido Gen Nacional reemplazando a Margarita Stolbizer<\/p>\n","protected":false},"author":2,"featured_media":5368,"comment_status":"closed","ping_status":"closed","sticky":false,"template":"","format":"standard","meta":{"footnotes":""},"categories":[44,116],"tags":[],"class_list":["post-5367","post","type-post","status-publish","format-standard","has-post-thumbnail","hentry","category-actualidad","category-congreso-nacional-2016"],"_links":{"self":[{"href":"https:\/\/www.partidogen.org.ar\/web\/wp-json\/wp\/v2\/posts\/5367","targetHints":{"allow":["GET"]}}],"collection":[{"href":"https:\/\/www.partidogen.org.ar\/web\/wp-json\/wp\/v2\/posts"}],"about":[{"href":"https:\/\/www.partidogen.org.ar\/web\/wp-json\/wp\/v2\/types\/post"}],"author":[{"embeddable":true,"href":"https:\/\/www.partidogen.org.ar\/web\/wp-json\/wp\/v2\/users\/2"}],"replies":[{"embeddable":true,"href":"https:\/\/www.partidogen.org.ar\/web\/wp-json\/wp\/v2\/comments?post=5367"}],"version-history":[{"count":0,"href":"https:\/\/www.partidogen.org.ar\/web\/wp-json\/wp\/v2\/posts\/5367\/revisions"}],"wp:featuredmedia":[{"embeddable":true,"href":"https:\/\/www.partidogen.org.ar\/web\/wp-json\/wp\/v2\/media\/5368"}],"wp:attachment":[{"href":"https:\/\/www.partidogen.org.ar\/web\/wp-json\/wp\/v2\/media?parent=5367"}],"wp:term":[{"taxonomy":"category","embeddable":true,"href":"https:\/\/www.partidogen.org.ar\/web\/wp-json\/wp\/v2\/categories?post=5367"},{"taxonomy":"post_tag","embeddable":true,"href":"https:\/\/www.partidogen.org.ar\/web\/wp-json\/wp\/v2\/tags?post=5367"}],"curies":[{"name":"wp","href":"https:\/\/api.w.org\/{rel}","templated":true}]}}