{"id":5363,"date":"2016-12-20T16:18:49","date_gmt":"2016-12-20T19:18:49","guid":{"rendered":"http:\/\/www.partidogen.org.ar\/web\/?p=5363"},"modified":"2016-12-21T20:08:01","modified_gmt":"2016-12-21T23:08:01","slug":"stolbizer-propone-incorporar-a-la-ensenanza-escolar-contenidos-sobre-etica-transparencia-y-acceso-a-la-informacion-publica","status":"publish","type":"post","link":"https:\/\/www.partidogen.org.ar\/web\/stolbizer-propone-incorporar-a-la-ensenanza-escolar-contenidos-sobre-etica-transparencia-y-acceso-a-la-informacion-publica\/","title":{"rendered":"Incorporar a la ense\u00f1anza escolar, contenidos sobre \u00e9tica, transparencia y acceso a la informaci\u00f3n p\u00fablica"},"content":{"rendered":"<p><img loading=\"lazy\" decoding=\"async\" src=\"http:\/\/www.partidogen.org.ar\/web\/wp-content\/uploads\/2016\/12\/425.jpg\" alt=\"Margarita Stolbizer\" width=\"526\" height=\"370\" class=\"alignright size-full wp-image-5364\" srcset=\"https:\/\/www.partidogen.org.ar\/web\/wp-content\/uploads\/2016\/12\/425.jpg 526w, https:\/\/www.partidogen.org.ar\/web\/wp-content\/uploads\/2016\/12\/425-300x211.jpg 300w, https:\/\/www.partidogen.org.ar\/web\/wp-content\/uploads\/2016\/12\/425-100x70.jpg 100w, https:\/\/www.partidogen.org.ar\/web\/wp-content\/uploads\/2016\/12\/425-150x106.jpg 150w, https:\/\/www.partidogen.org.ar\/web\/wp-content\/uploads\/2016\/12\/425-200x141.jpg 200w, https:\/\/www.partidogen.org.ar\/web\/wp-content\/uploads\/2016\/12\/425-450x317.jpg 450w\" sizes=\"auto, (max-width: 526px) 100vw, 526px\" \/><br \/>\n20\/12\/2016.<br \/>\n<strong><span class=\"first\">L<\/span>a diputada Margarita Stolbizer present\u00f3 un proyecto de Ley para que se incorpore en la escuela,  entre los contenidos curriculares  comunes a todas las jurisdicciones, la reflexi\u00f3n en torno a la \u00e9tica en el ejercicio de la funci\u00f3n p\u00fablica, a la vinculaci\u00f3n entre las pr\u00e1cticas del funcionariado estatal y el control ciudadano sobre ellas, atendiendo a los principios enunciados en la Ley n\u00b0 25.188 de \u00c9tica en el Ejercicio de la Funci\u00f3n P\u00fablica, as\u00ed como la promoci\u00f3n y difusi\u00f3n de los mecanismos para el pleno ejercicio del derecho de acceso a la informaci\u00f3n p\u00fablica.<\/strong><\/p>\n<p>Para ello, Stolbizer  propone modificar la ley de educaci\u00f3n Nacional en el inciso g) al art\u00edculo 92 de la Ley 26.206 y modificatorias, con el siguiente texto:<\/p>\n<p>g) La reflexi\u00f3n en torno a la \u00e9tica en el ejercicio de la funci\u00f3n p\u00fablica, a la vinculaci\u00f3n entre las pr\u00e1cticas del funcionariado estatal y el control ciudadano sobre ellas, atendiendo a los principios enunciados en la Ley n\u00b0 25.188 de \u00c9tica en el Ejercicio de la Funci\u00f3n P\u00fablica, as\u00ed como la promoci\u00f3n y difusi\u00f3n de los mecanismos previstos para el pleno ejercicio del derecho de acceso a la informaci\u00f3n p\u00fablica, de conformidad con la Ley n\u00b0 27.275 y otras disposiciones vigentes.<\/p>\n<p>\u201cEl escenario pol\u00edtico signado por a\u00f1os de corrupci\u00f3n y pr\u00e1cticas que contribuyeron a la degradaci\u00f3n institucional y a la desvalorizaci\u00f3n del sentido de lo p\u00fablico, exigen a la escuela que refuerce en los contenidos impartidos, aquellos vinculados a la defensa de la cultura democr\u00e1tica y la calidad institucional, el fomento de una ciudadan\u00eda responsable e informada, y la valorizaci\u00f3n de la \u00e9tica en el ejercicio de lo p\u00fablico y el acceso a la informaci\u00f3n p\u00fablica.<\/p>\n<p>En este sentido, la Ley n\u00b0 26.206 de Educaci\u00f3n Nacional, establece  que \u201cla educaci\u00f3n es una prioridad nacional y se constituye en pol\u00edtica de Estado para construir una sociedad justa, reafirmar la soberan\u00eda e identidad nacional, profundizar el ejercicio de la ciudadan\u00eda democr\u00e1tica, respetar los derechos humanos y libertades fundamentales y fortalecer el desarrollo econ\u00f3mico-social de la Naci\u00f3n\u201d (art. 3\u00b0).<\/p>\n<p>Al no incluirse hasta el momento esta cuesti\u00f3n, encontramos que no se ha realizado uno de los objetivos establecidos en la Ley n\u00b0 25.188 de \u00c9tica en el Ejercicio de la Funci\u00f3n P\u00fablica, que establece que \u201cla ense\u00f1anza de la \u00e9tica p\u00fablica se instrumentar\u00e1 como un contenido espec\u00edfico de todos los niveles educativos\u201d (art. 41).<\/p>\n<p>Adem\u00e1s  la reciente sanci\u00f3n por este Congreso Nacional de la Ley n\u00b0 27.275 de Acceso a la Informaci\u00f3n P\u00fablica, con el declarado objeto de promover la participaci\u00f3n ciudadana y la transparencia de la gesti\u00f3n p\u00fablica, y todo el andamiaje constitucional y supranacional en torno a este derecho humano fundamental, requiere de los \u00f3rganos competentes del sistema educativo la adecuaci\u00f3n de sus contenidos para lograr la promoci\u00f3n y difusi\u00f3n de dicha normativa y de las implicaciones de su ejercicio para hacer efectivos sus beneficios. La promoci\u00f3n del derecho de acceso a la informaci\u00f3n p\u00fablica a trav\u00e9s del sistema educativo es un mecanismo importante para fomentar el valor de la transparencia entre los ni\u00f1os y j\u00f3venes.<\/p>\n<p>\u201cLa educaci\u00f3n constituye uno de los pilares estrat\u00e9gicos para el desarrollo del pa\u00eds y la herramienta ineludible para lograr el cambio cultural y ciudadano tendiente a robustecer la defensa de las instituciones democr\u00e1ticas y los derechos humanos que nuestra sociedad necesita\u201d, expres\u00f3 Stolbizer.<\/p>\n<p>Junto al proyecto de Ley,  Stobizer tambi\u00e9n present\u00f3 un proyecto de declaraci\u00f3n por el cual insta al Ministerio de Educaci\u00f3n con acuerdo del Consejo Federal de Educaci\u00f3n para que intensifique los contenidos vinculados a la defensa de la cultura democr\u00e1tica y la calidad institucional, el fomento de una ciudadan\u00eda responsable e informada, y la valorizaci\u00f3n de la \u00e9tica en el ejercicio de la funci\u00f3n p\u00fablica en los N\u00facleos de Aprendizaje Prioritario (NAP) correspondientes al \u00e1rea de Formaci\u00f3n \u00c9tica y Ciudadana de todos los niveles, ciclos y a\u00f1os de la escolaridad obligatoria, en todas sus modalidades.<\/p>\n","protected":false},"excerpt":{"rendered":"<p>La diputada Margarita Stolbizer present\u00f3 un proyecto de Ley para que se incorpore en la escuela,  entre los contenidos curriculares  comunes a todas las jurisdicciones, la reflexi\u00f3n en torno a la \u00e9tica en el ejercicio de la funci\u00f3n p\u00fablica, a la vinculaci\u00f3n entre las pr\u00e1cticas del funcionariado estatal y el control ciudadano sobre ellas, atendiendo a los principios enunciados en la Ley n\u00b0 25.188 de \u00c9tica en el Ejercicio de la Funci\u00f3n P\u00fablica, as\u00ed como la promoci\u00f3n y difusi\u00f3n de los mecanismos para el pleno ejercicio del derecho de acceso a la informaci\u00f3n p\u00fablica.<\/p>\n","protected":false},"author":2,"featured_media":5364,"comment_status":"closed","ping_status":"closed","sticky":false,"template":"","format":"standard","meta":{"footnotes":""},"categories":[44,47],"tags":[],"class_list":["post-5363","post","type-post","status-publish","format-standard","has-post-thumbnail","hentry","category-actualidad","category-margarita-stolbizer-diputados-nacionales"],"_links":{"self":[{"href":"https:\/\/www.partidogen.org.ar\/web\/wp-json\/wp\/v2\/posts\/5363","targetHints":{"allow":["GET"]}}],"collection":[{"href":"https:\/\/www.partidogen.org.ar\/web\/wp-json\/wp\/v2\/posts"}],"about":[{"href":"https:\/\/www.partidogen.org.ar\/web\/wp-json\/wp\/v2\/types\/post"}],"author":[{"embeddable":true,"href":"https:\/\/www.partidogen.org.ar\/web\/wp-json\/wp\/v2\/users\/2"}],"replies":[{"embeddable":true,"href":"https:\/\/www.partidogen.org.ar\/web\/wp-json\/wp\/v2\/comments?post=5363"}],"version-history":[{"count":0,"href":"https:\/\/www.partidogen.org.ar\/web\/wp-json\/wp\/v2\/posts\/5363\/revisions"}],"wp:featuredmedia":[{"embeddable":true,"href":"https:\/\/www.partidogen.org.ar\/web\/wp-json\/wp\/v2\/media\/5364"}],"wp:attachment":[{"href":"https:\/\/www.partidogen.org.ar\/web\/wp-json\/wp\/v2\/media?parent=5363"}],"wp:term":[{"taxonomy":"category","embeddable":true,"href":"https:\/\/www.partidogen.org.ar\/web\/wp-json\/wp\/v2\/categories?post=5363"},{"taxonomy":"post_tag","embeddable":true,"href":"https:\/\/www.partidogen.org.ar\/web\/wp-json\/wp\/v2\/tags?post=5363"}],"curies":[{"name":"wp","href":"https:\/\/api.w.org\/{rel}","templated":true}]}}