{"id":5281,"date":"2016-12-05T11:23:32","date_gmt":"2016-12-05T14:23:32","guid":{"rendered":"http:\/\/www.partidogen.org.ar\/web\/?p=5281"},"modified":"2016-12-10T14:27:09","modified_gmt":"2016-12-10T17:27:09","slug":"7mo-encuentro-de-mujeres-del-gen","status":"publish","type":"post","link":"https:\/\/www.partidogen.org.ar\/web\/7mo-encuentro-de-mujeres-del-gen\/","title":{"rendered":"7mo. Encuentro de MUJERES DEL GEN"},"content":{"rendered":"<p><img loading=\"lazy\" decoding=\"async\" src=\"http:\/\/www.partidogen.org.ar\/web\/wp-content\/uploads\/2016\/12\/614.jpg\" alt=\"7mo. Encuentro de MUJERES DEL GEN\" width=\"526\" height=\"370\" class=\"alignright size-full wp-image-5282\" srcset=\"https:\/\/www.partidogen.org.ar\/web\/wp-content\/uploads\/2016\/12\/614.jpg 526w, https:\/\/www.partidogen.org.ar\/web\/wp-content\/uploads\/2016\/12\/614-300x211.jpg 300w, https:\/\/www.partidogen.org.ar\/web\/wp-content\/uploads\/2016\/12\/614-100x70.jpg 100w, https:\/\/www.partidogen.org.ar\/web\/wp-content\/uploads\/2016\/12\/614-150x106.jpg 150w, https:\/\/www.partidogen.org.ar\/web\/wp-content\/uploads\/2016\/12\/614-200x141.jpg 200w, https:\/\/www.partidogen.org.ar\/web\/wp-content\/uploads\/2016\/12\/614-450x317.jpg 450w\" sizes=\"auto, (max-width: 526px) 100vw, 526px\" \/><br \/>\n5\/12\/2012.<br \/>\n<strong><span class=\"first\">L<\/span>a presidenta electa del GEN La Plata que asumir\u00e1 en marzo, Cristina Flores realiz\u00f3 el discurso de apertura del encuentro de MUJERES DEL PARTIDO GEN que se realiz\u00f3 el s\u00e1bado 3 de diciembre en la sede  de APL de dicha ciudad. Tambi\u00e9n dieron la bienvenida a la jornada el actual presidente del Gen La Plata, Mart\u00edn Rubio y el diputado provincial, Juan Cocino.<\/strong><\/p>\n<p>Se incorporaron a MUJERES DEL GEN  de la 2\u00aa  secci\u00f3n electoral la concejal Marilyn Pugliese y la concejal mc,  Paula Suarez, con lo que el grupo contin\u00faa  fortaleciendo y ampliando integrantes. Tambi\u00e9n celebramos la incorporaci\u00f3n de Maricel Olate y Valeria Bello.<\/p>\n<p>Se evalu\u00f3 como muy positivo el desayuno realizado en Mar del Plata, celebrando la amplia convocatoria y la presencia de la presidenta y l\u00edder del GEN, Margarita Stolbizer, quien durante su discurso de cierre inst\u00f3 a realizar una serie de capacitaciones (ver p\u00e1rrafos m\u00e1s abajo sobre la puesta en marcha de ello) . Tambi\u00e9n se reconoci\u00f3 al presidente del GEN de la provincia, Omar Duclos y a Luis Belvisotti por la muy buena predisposici\u00f3n para concretar aquel desayuno.<\/p>\n<p>Siguiendo el orden del d\u00eda pautado, se convers\u00f3 sobre la evoluci\u00f3n de los grupos de trabajo que vienen funcionando: Aborto. Paridad. Violencia de G\u00e9nero y Trata. Salud P\u00fablica. Educaci\u00f3n P\u00fablica. Y se decidi\u00f3 agregar tres nuevos grupos vinculados a otras cuestiones: Medio Ambiente, Adicciones y Presupuesto y pol\u00edtica tributaria.<\/p>\n<p>La producci\u00f3n de estos equipos iba a presentarse en el Congreso Nacional del 16\/12, pero como dicha jornada se pospuso a marzo, se har\u00e1 lo propio en esa ocasi\u00f3n.<\/p>\n<p><strong>Mientras tanto se acord\u00f3 presentar formalmente a MUJERES DEL GEN ante el partido y sus autoridades, para dar cuenta del trabajo realizado este a\u00f1o y exponer sobre el plan para el 2017. Se har\u00e1 el d\u00eda de la asunci\u00f3n de las autoridades nacionales partidarias -16 de diciembre- con una exposici\u00f3n de no m\u00e1s de 10 minutos y se acord\u00f3 que dicha tarea estar\u00e1 a cargo de las compa\u00f1eras Gladis Villalba y Norma Carrizo.<\/strong><\/p>\n<p>En el mes de febrero se realizar\u00e1 la pr\u00f3xima reuni\u00f3n del grupo en Ituazing\u00f3.<\/p>\n<p>Se acord\u00f3 la realizaci\u00f3n de un Plan de capacitaci\u00f3n para el 2017. A realizarse durante el primer semestre. Comenzar\u00e1n en marzo y  ser\u00e1n las siguientes 4 jornadas:<\/p>\n<ol>\n<li>Liderazgo y oratoria a realizarse en Marzo. Cuya organizaci\u00f3n y dise\u00f1o de la actividad estar\u00e1  a Cargo de Laura Echezarreta y Fernanda Roselli. Con la colaboraci\u00f3n de M\u00f3nica Azuaga.<\/li>\n<li>T\u00e9cnica Parlamentaria y relator\u00eda. Cuya organizaci\u00f3n y dise\u00f1o de actividad estar\u00e1 a cargo de  Olga Reynoso y Silvia Najera<\/li>\n<li>FEMINISMO. ECONOMIA. Cuya organizaci\u00f3n y dise\u00f1o estar\u00e1 a cargo de Gladis Villalba, Marcela Pisetta.<\/li>\n<li>Negociaci\u00f3n. En proyecto.<\/li>\n<\/ol>\n<p>Se hizo referencia al d\u00eda del M\u00e9dico, con un reconocimiento a Ang\u00e9lica Cabrera \u2013m\u00e9dica pediatra de La Plata- y por el d\u00eda de la discapacidad, Valeria Crespo, Presidenta del Gen Mar del Plata,  invit\u00f3  a construir un mundo por la igualdad. <\/p>\n","protected":false},"excerpt":{"rendered":"<p>5\/12\/2012. La presidenta electa del GEN La Plata que asumir\u00e1 en marzo, Cristina Flores realiz\u00f3 el discurso de apertura del encuentro de MUJERES DEL PARTIDO GEN que se realiz\u00f3 el s\u00e1bado 3 de diciembre en la sede de APL de dicha ciudad. Tambi\u00e9n dieron la bienvenida a la jornada el actual presidente del Gen La [&hellip;]<\/p>\n","protected":false},"author":2,"featured_media":5282,"comment_status":"closed","ping_status":"closed","sticky":false,"template":"","format":"standard","meta":{"footnotes":""},"categories":[44,109],"tags":[],"class_list":["post-5281","post","type-post","status-publish","format-standard","has-post-thumbnail","hentry","category-actualidad","category-mujeres-del-gen"],"_links":{"self":[{"href":"https:\/\/www.partidogen.org.ar\/web\/wp-json\/wp\/v2\/posts\/5281","targetHints":{"allow":["GET"]}}],"collection":[{"href":"https:\/\/www.partidogen.org.ar\/web\/wp-json\/wp\/v2\/posts"}],"about":[{"href":"https:\/\/www.partidogen.org.ar\/web\/wp-json\/wp\/v2\/types\/post"}],"author":[{"embeddable":true,"href":"https:\/\/www.partidogen.org.ar\/web\/wp-json\/wp\/v2\/users\/2"}],"replies":[{"embeddable":true,"href":"https:\/\/www.partidogen.org.ar\/web\/wp-json\/wp\/v2\/comments?post=5281"}],"version-history":[{"count":0,"href":"https:\/\/www.partidogen.org.ar\/web\/wp-json\/wp\/v2\/posts\/5281\/revisions"}],"wp:featuredmedia":[{"embeddable":true,"href":"https:\/\/www.partidogen.org.ar\/web\/wp-json\/wp\/v2\/media\/5282"}],"wp:attachment":[{"href":"https:\/\/www.partidogen.org.ar\/web\/wp-json\/wp\/v2\/media?parent=5281"}],"wp:term":[{"taxonomy":"category","embeddable":true,"href":"https:\/\/www.partidogen.org.ar\/web\/wp-json\/wp\/v2\/categories?post=5281"},{"taxonomy":"post_tag","embeddable":true,"href":"https:\/\/www.partidogen.org.ar\/web\/wp-json\/wp\/v2\/tags?post=5281"}],"curies":[{"name":"wp","href":"https:\/\/api.w.org\/{rel}","templated":true}]}}