{"id":5201,"date":"2016-11-29T10:47:43","date_gmt":"2016-11-29T13:47:43","guid":{"rendered":"http:\/\/www.partidogen.org.ar\/web\/?p=5201"},"modified":"2016-12-04T15:02:53","modified_gmt":"2016-12-04T18:02:53","slug":"encuentro-partido-gen-proteccion-del-ambiente-facundo-despo","status":"publish","type":"post","link":"https:\/\/www.partidogen.org.ar\/web\/encuentro-partido-gen-proteccion-del-ambiente-facundo-despo\/","title":{"rendered":"Encuentro Partido GEN \u00abProtecci\u00f3n del Ambiente\u00bb Facundo Despo"},"content":{"rendered":"<p><iframe loading=\"lazy\" width=\"560\" height=\"315\" src=\"https:\/\/www.youtube.com\/embed\/g6bHSSwZJB8\" frameborder=\"0\" allowfullscreen><\/iframe><br \/>\n\u00abProtecci\u00f3n del Ambiente para la vida saludable y la diversificaci\u00f3n productiva\u00bb <\/p>\n<p><strong><span class=\"first\">F<\/span>acundo Despo<\/strong><br \/>\nT\u00e9cnico Qu\u00edmico<br \/>\nPresidente (electo) GEN Escobar.<br \/>\nSecretario Asociaci\u00f3n Ambientalista del Partido de Escobar.<br \/>\nQuerellante en causa por instalaci\u00f3n de emprendimientos sobre humedales en zona norte.<br \/>\nEx candidato a concejal por Progresistas.<\/p>\n","protected":false},"excerpt":{"rendered":"<p>\u00abProtecci\u00f3n del Ambiente para la vida saludable y la diversificaci\u00f3n productiva\u00bb Facundo Despo T\u00e9cnico Qu\u00edmico Presidente (electo) GEN Escobar. Secretario Asociaci\u00f3n Ambientalista del Partido de Escobar. Querellante en causa por instalaci\u00f3n de emprendimientos sobre humedales en zona norte. Ex candidato a concejal por Progresistas.<\/p>\n","protected":false},"author":2,"featured_media":5202,"comment_status":"closed","ping_status":"closed","sticky":false,"template":"","format":"standard","meta":{"footnotes":""},"categories":[44,116],"tags":[],"class_list":["post-5201","post","type-post","status-publish","format-standard","has-post-thumbnail","hentry","category-actualidad","category-congreso-nacional-2016"],"_links":{"self":[{"href":"https:\/\/www.partidogen.org.ar\/web\/wp-json\/wp\/v2\/posts\/5201","targetHints":{"allow":["GET"]}}],"collection":[{"href":"https:\/\/www.partidogen.org.ar\/web\/wp-json\/wp\/v2\/posts"}],"about":[{"href":"https:\/\/www.partidogen.org.ar\/web\/wp-json\/wp\/v2\/types\/post"}],"author":[{"embeddable":true,"href":"https:\/\/www.partidogen.org.ar\/web\/wp-json\/wp\/v2\/users\/2"}],"replies":[{"embeddable":true,"href":"https:\/\/www.partidogen.org.ar\/web\/wp-json\/wp\/v2\/comments?post=5201"}],"version-history":[{"count":0,"href":"https:\/\/www.partidogen.org.ar\/web\/wp-json\/wp\/v2\/posts\/5201\/revisions"}],"wp:featuredmedia":[{"embeddable":true,"href":"https:\/\/www.partidogen.org.ar\/web\/wp-json\/wp\/v2\/media\/5202"}],"wp:attachment":[{"href":"https:\/\/www.partidogen.org.ar\/web\/wp-json\/wp\/v2\/media?parent=5201"}],"wp:term":[{"taxonomy":"category","embeddable":true,"href":"https:\/\/www.partidogen.org.ar\/web\/wp-json\/wp\/v2\/categories?post=5201"},{"taxonomy":"post_tag","embeddable":true,"href":"https:\/\/www.partidogen.org.ar\/web\/wp-json\/wp\/v2\/tags?post=5201"}],"curies":[{"name":"wp","href":"https:\/\/api.w.org\/{rel}","templated":true}]}}