{"id":5181,"date":"2016-11-29T06:42:50","date_gmt":"2016-11-29T09:42:50","guid":{"rendered":"http:\/\/www.partidogen.org.ar\/web\/?p=5181"},"modified":"2016-11-30T01:00:50","modified_gmt":"2016-11-30T04:00:50","slug":"encuentro-partido-gen-educacion-dra-claudia-balague","status":"publish","type":"post","link":"https:\/\/www.partidogen.org.ar\/web\/encuentro-partido-gen-educacion-dra-claudia-balague\/","title":{"rendered":"Encuentro Partido GEN \u00abEducaci\u00f3n\u00bb Dra. Claudia Balagu\u00e9"},"content":{"rendered":"<p><iframe loading=\"lazy\" width=\"560\" height=\"315\" src=\"https:\/\/www.youtube.com\/embed\/QKJpig3V3N4\" frameborder=\"0\" allowfullscreen><\/iframe><br \/>\n\u201cTransformaci\u00f3n de la educaci\u00f3n para el acceso al trabajo digno\u201d<\/p>\n<p><strong><span class=\"first\">C<\/span>laudia Balagu\u00e9<\/strong><br \/>\nMinistra de Educaci\u00f3n de la provincia de Santa Fe, desde 2013.<br \/>\nDoctora en Bioqu\u00edmica por la Universidad  Nacional de Rosario.<br \/>\nProfesora de grado y posgrado en la Facultad  de Ciencias Bioqu\u00edmicas y Farmac\u00e9uticas de la UNR.<br \/>\nFue Decana de la Facultad de Ciencias Bioqu\u00edmicas y Farmac\u00e9uticas de la UNR, electa por los per\u00edodos 2003\u20132007 y 2007\u20132011.<\/p>\n<p>Se desempe\u00f1\u00f3 como subsecretaria de Ciencia Tecnolog\u00eda e Innovaci\u00f3n de la provincia de Santa Fe; subsecretaria Acad\u00e9mica de la UNR  (2000\u20132003) y secretaria de Bienestar Estudiantil y Cultura de la   Facultad de Ciencias Bioqu\u00edmicas y Farmac\u00e9uticas de la UNR  durante los a\u00f1os 1993 y 1994.<\/p>\n<p>Ha dirigido numerosos proyectos de investigaci\u00f3n cient\u00edfica, y ha realizado investigaciones como invitada en el National Center for Toxicological Research, Food and Drug Administration, en Arkansas, USA y en el  Laboratorio de Microbiolog\u00eda Preventiva, Centro de Referencia para Lactobacilos (CERELA &#8211; CONICET) y C\u00e1tedra de Microbiolog\u00eda Cl\u00ednica de la Universidad Nacional de Tucum\u00e1n.<\/p>\n<p>Es autora de dos libros, tres cap\u00edtulos y numerosas publicaciones con referato a nivel internacional en las \u00e1reas de la educaci\u00f3n, bioqu\u00edmica y farmacia. Ha presentado sus investigaciones en reuniones cient\u00edficas nacionales e internacionales en Argentina, Espa\u00f1a, Francia, Italia y Uruguay.<\/p>\n<p><strong>En gesti\u00f3n educativa, ha dise\u00f1ado y desarrollado los siguientes programas de innovaci\u00f3n e inclusi\u00f3n socio educativa:<\/strong><\/p>\n<p>* \u201cPlan Vuelvo a Estudiar\u201d (2013): fortalecimiento de la inclusi\u00f3n socio educativa, la igualdad de oportunidades, la calidad de los aprendizajes y el cumplimiento de la obligatoriedad escolar;<\/p>\n<p>* \u201cLazos\u201d (2013): promueve la convivencia escolar y la prevenci\u00f3n de la violencia y del consumo de sustancias;<\/p>\n<p>* \u201cEntramando Redes\u201d (2013): Fomenta la socializaci\u00f3n de proyectos que hayan permitido transformar situaciones problem\u00e1ticas en la vida institucional escolar;<\/p>\n<p>* \u201cIdentidades\u201d (2014): programa de interculturalidad, que incluye una co-formaci\u00f3n entre referentes id\u00f3neos de las comunidades originarias y docentes de educaci\u00f3n primaria e inicial y el otorgamiento de becas socio educativas para la escolarizaci\u00f3n de estudiantes de las comunidades de pueblos originarios;<\/p>\n<p>* Creaci\u00f3n de una l\u00ednea de financiamiento de investigaciones educativas\u201d (2013) junto a la Secretaria de Estado de Ciencia, Tecnolog\u00eda e Innovaci\u00f3n de la provincia de Santa Fe.<\/p>\n","protected":false},"excerpt":{"rendered":"<p>\u201cTransformaci\u00f3n de la educaci\u00f3n para el acceso al trabajo digno\u201d.  Dra. Claudia Balagu\u00e9.<\/p>\n","protected":false},"author":2,"featured_media":5185,"comment_status":"closed","ping_status":"closed","sticky":false,"template":"","format":"standard","meta":{"footnotes":""},"categories":[44,116],"tags":[],"class_list":["post-5181","post","type-post","status-publish","format-standard","has-post-thumbnail","hentry","category-actualidad","category-congreso-nacional-2016"],"_links":{"self":[{"href":"https:\/\/www.partidogen.org.ar\/web\/wp-json\/wp\/v2\/posts\/5181","targetHints":{"allow":["GET"]}}],"collection":[{"href":"https:\/\/www.partidogen.org.ar\/web\/wp-json\/wp\/v2\/posts"}],"about":[{"href":"https:\/\/www.partidogen.org.ar\/web\/wp-json\/wp\/v2\/types\/post"}],"author":[{"embeddable":true,"href":"https:\/\/www.partidogen.org.ar\/web\/wp-json\/wp\/v2\/users\/2"}],"replies":[{"embeddable":true,"href":"https:\/\/www.partidogen.org.ar\/web\/wp-json\/wp\/v2\/comments?post=5181"}],"version-history":[{"count":0,"href":"https:\/\/www.partidogen.org.ar\/web\/wp-json\/wp\/v2\/posts\/5181\/revisions"}],"wp:featuredmedia":[{"embeddable":true,"href":"https:\/\/www.partidogen.org.ar\/web\/wp-json\/wp\/v2\/media\/5185"}],"wp:attachment":[{"href":"https:\/\/www.partidogen.org.ar\/web\/wp-json\/wp\/v2\/media?parent=5181"}],"wp:term":[{"taxonomy":"category","embeddable":true,"href":"https:\/\/www.partidogen.org.ar\/web\/wp-json\/wp\/v2\/categories?post=5181"},{"taxonomy":"post_tag","embeddable":true,"href":"https:\/\/www.partidogen.org.ar\/web\/wp-json\/wp\/v2\/tags?post=5181"}],"curies":[{"name":"wp","href":"https:\/\/api.w.org\/{rel}","templated":true}]}}