{"id":4996,"date":"2016-11-16T13:05:49","date_gmt":"2016-11-16T16:05:49","guid":{"rendered":"http:\/\/www.partidogen.org.ar\/web\/?p=4996"},"modified":"2016-11-23T13:20:22","modified_gmt":"2016-11-23T16:20:22","slug":"margarita-stolbizer-en-intratables-15112016","status":"publish","type":"post","link":"https:\/\/www.partidogen.org.ar\/web\/margarita-stolbizer-en-intratables-15112016\/","title":{"rendered":"Margarita Stolbizer en Intratables 15\/11\/2016"},"content":{"rendered":"<p><iframe loading=\"lazy\" width=\"560\" height=\"315\" src=\"https:\/\/www.youtube.com\/embed\/EOQrB_xCH1k\" frameborder=\"0\" allowfullscreen><\/iframe><br \/>\n<span class=\"first\">N<\/span>o me siento tironeada, hay m\u00e1s especulaci\u00f3n que lo real, mi relaci\u00f3n con Cambiemos es institucional, con Massa tenemos un acuerdo parlamentario. No estoy pensando en una alianza tipo electoral. Massa tiene muy buenos legisladores, Graciela Cama\u00f1o, Marco Lavagna, no es una oposici\u00f3n que tira piedras al gobierno. Todos los proyectos de ley salieron mejorados. Marca que el Gobierno tiene madurez de recibir cr\u00edticas y mejoras, y lo mismo en la oposici\u00f3n. <\/p>\n<p>Hay sectores que no les importa colaborar, buscan que el Gobierno fracase, no es una buena forma de construir. Son grupos peque\u00f1os, las declaraciones de Fernando Esteche es parte de una Argentina min\u00fascula y violenta. La intolerancia sobre todo, de por s\u00ed es violenta, y nos hace perder la riqueza del pensamiento diverso. <\/p>\n<p>Soy cr\u00edtica de algunas cosas de este gobierno, pero le concedo que haya provocado un cambio de clima, no se intenta disciplinar el pensamiento de todos. El Gobierno logr\u00f3 bajar las tensiones. <\/p>\n<p>Hay un error conceptual de la pobreza. La forma de enfrentarla es la educaci\u00f3n y combatir el trabajo precario, la informalidad laboral. El sistema educativo es reproductor de esa pobreza, el abandono escolar es alt\u00edsimo. Debemos romper ese c\u00edrculo vicioso.<\/p>\n<p>Estaba preparada para un mal resultado electoral, porque la gente prioriz\u00f3 que no sigan los que estaban gobernando. Me llamo la atenci\u00f3n desde lo psicol\u00f3gico desde lo filos\u00f3fico un voto tan fuerte en sentido negativo y no en sentido positivo. Ya resolv\u00ed ese conflicto. No debo cometer el error de pensar que mis ideas son las mejores y no las puedo llevar a cabo con nadie y s\u00ed trabajar para que puedan llegar al Gobierno.<\/p>\n<p>En realidad Cristina me da pena, de haber cre\u00eddo que ella dec\u00eda que iba por la calidad institucional. Ella dijo que soy burra y mala por los movimientos sospechosos en sus cuentas, a partir de eso se hicieron allanamientos en el Banco de Santa Cruz, que desaparecieron 22 plazos fijos de la noche a la ma\u00f1ana, y son los que aparecieron en la caja de seguridad de Florencia Kirchner. Lo que hizo enojar a CFK que la puse en evidencia. No s\u00f3lo hizo desaparecer sus plazos fijos sino que trat\u00f3 de insolventarse fraudulentamente.<\/p>\n<p>Del Moro: \u00bfNunca la pol\u00edtica te quiso comprar?.<\/p>\n<p>Vivo en la misma casa hace 25 a\u00f1os, no soy pobre, no me falta nada, tampoco me sobra. Tengo un buen auto, no tengo carencias. Mi primer cargo p\u00fablico fue ser concejal. Empec\u00e9 a militar desde muy chica. Fueron 4 a\u00f1os particulares, fui denunciante de Juan Carlos Rousselot y Mauricio Macri por la construcci\u00f3n de cloacas, pero jam\u00e1s tuve alguna propuesta para que cambie mi voto.<\/p>\n","protected":false},"excerpt":{"rendered":"<p>La forma de enfrentar la pobreza es la educaci\u00f3n y combatir el trabajo precario, la informalidad laboral. El sistema educativo es reproductor de esa pobreza, el abandono escolar es alt\u00edsimo. Debemos romper ese c\u00edrculo vicioso.<\/p>\n","protected":false},"author":2,"featured_media":4999,"comment_status":"closed","ping_status":"closed","sticky":false,"template":"","format":"standard","meta":{"footnotes":""},"categories":[44,47],"tags":[],"class_list":["post-4996","post","type-post","status-publish","format-standard","has-post-thumbnail","hentry","category-actualidad","category-margarita-stolbizer-diputados-nacionales"],"_links":{"self":[{"href":"https:\/\/www.partidogen.org.ar\/web\/wp-json\/wp\/v2\/posts\/4996","targetHints":{"allow":["GET"]}}],"collection":[{"href":"https:\/\/www.partidogen.org.ar\/web\/wp-json\/wp\/v2\/posts"}],"about":[{"href":"https:\/\/www.partidogen.org.ar\/web\/wp-json\/wp\/v2\/types\/post"}],"author":[{"embeddable":true,"href":"https:\/\/www.partidogen.org.ar\/web\/wp-json\/wp\/v2\/users\/2"}],"replies":[{"embeddable":true,"href":"https:\/\/www.partidogen.org.ar\/web\/wp-json\/wp\/v2\/comments?post=4996"}],"version-history":[{"count":0,"href":"https:\/\/www.partidogen.org.ar\/web\/wp-json\/wp\/v2\/posts\/4996\/revisions"}],"wp:featuredmedia":[{"embeddable":true,"href":"https:\/\/www.partidogen.org.ar\/web\/wp-json\/wp\/v2\/media\/4999"}],"wp:attachment":[{"href":"https:\/\/www.partidogen.org.ar\/web\/wp-json\/wp\/v2\/media?parent=4996"}],"wp:term":[{"taxonomy":"category","embeddable":true,"href":"https:\/\/www.partidogen.org.ar\/web\/wp-json\/wp\/v2\/categories?post=4996"},{"taxonomy":"post_tag","embeddable":true,"href":"https:\/\/www.partidogen.org.ar\/web\/wp-json\/wp\/v2\/tags?post=4996"}],"curies":[{"name":"wp","href":"https:\/\/api.w.org\/{rel}","templated":true}]}}