{"id":4878,"date":"2016-11-08T00:24:10","date_gmt":"2016-11-08T03:24:10","guid":{"rendered":"http:\/\/www.partidogen.org.ar\/web\/?p=4878"},"modified":"2016-11-11T13:10:30","modified_gmt":"2016-11-11T16:10:30","slug":"margarita-stolbizer-en-desde-el-llano-07112016","status":"publish","type":"post","link":"https:\/\/www.partidogen.org.ar\/web\/margarita-stolbizer-en-desde-el-llano-07112016\/","title":{"rendered":"Margarita Stolbizer en Desde el llano 07\/11\/2016"},"content":{"rendered":"<p><iframe loading=\"lazy\" width=\"560\" height=\"315\" src=\"https:\/\/www.youtube.com\/embed\/_Gte05NV1CQ\" frameborder=\"0\" allowfullscreen><\/iframe><br \/>\n<strong><span class=\"first\">L<\/span>os dichos de Fernando Esteche son graves y no pueden aparecer en una democracia consolidada. Soy justamente la denuciante de estas causas. Que Luis D El\u00eda y Amado Boudou est\u00e9n con ella habla de ella. <\/strong><\/p>\n<p>Cada vez que ella dice me persiguen, no hay persecuci\u00f3n pol\u00edtica. Carlos R\u00edvolo, Guillermo Mariju\u00e1n, Gerardo Pollicita e Ignacio mahiques vienen haciendo m\u00e9ritos. La se\u00f1ora no tiene por qu\u00e9 declarar contra s\u00ed misma. Est\u00e1 mintiendo. Dice que L\u00e1zaro B\u00e1ez no es su socio. Es una gran mentira. Deber\u00eda ser citada con m\u00e1s asiduidad. Dice livianamente que no es socia de B\u00e1ez. Ella nunca le pag\u00f3 a B\u00e1ez un spa. As\u00ed, hay cantidades de ejemplos. <\/p>\n<p>Hoy no est\u00e1n las condiciones para que vaya presa. Creo que viene un procesamiento r\u00e1pido. Ella recibe en sus cuentas personales la plata, ella y sus hijos han triangulado para disimular el origen ilegal. Plata declarada no es plata legal. Es dinero habido ilegalmente. <\/p>\n<p><strong>-El gobierno y las investigaciones.<\/strong> <\/p>\n<p>Son pasivos. Dicen no interferimos. Esto es insuficiente. No les puede dar lo mismo que los corruptos vayan presos o no. Lo bueno de Macri fue hacer auditor\u00edas. Vialidad Nacional fue determinante. Expediente que levantaban, por debajo hab\u00eda un caso de corrupci\u00f3n. <\/p>\n<p><strong>-Elecciones. <\/strong><\/p>\n<p>Estoy cerca de Sergio Massa pero no pensando en la elecci\u00f3n que viene sino en la que pas\u00f3. Yo no ten\u00eda demasiada vinculaci\u00f3n con Massa, el PRO s\u00ed. Y el PRO no se hizo problema. Somos una oposici\u00f3n con voluntad de cooperar, no somos La C\u00e1mpora. Llegan las leyes al Congreso y las trabajamos y mejoramos. Massa dialoga con Mar\u00eda Eugenia Vidal. <\/p>\n<p>Formo parte del Frente Progresistas integrado por el Partido GEN el Partido Socialista y Libres del Sur y en conjunto veremos c\u00f3mo enfrentamos la elecci\u00f3n. Los dos pilares son igualdad y decencia. Hay un lugar vacante para el progresismo. Pero debemos juntarnos con alguien m\u00e1s. <\/p>\n<p>Ellos son un gobierno que yo no integro. Me parece que les tiene que ir bien, trabajan por la prosperidad pero les falta discutir distribuci\u00f3n. Creo en algo diferente a los planes sociales, esta gente ha sido pobre pero se quiere que no hagan l\u00edo. <\/p>\n<p>Mi relaci\u00f3n es institucional con el presidente. Massa tiene 38 diputados nacionales. El presidente me recibi\u00f3 a la hora de llevarle el libro. Despu\u00e9s lo he visto en ocasiones formales. Me relaciono con la goberbadora, Emilio Monz\u00f3, Federico Pinedo, Gabriela Michetti y Mar\u00eda Eugenia Vidal. Al gobierno le falta pol\u00edtica, dependen demasiado de los consultores externos.<\/p>\n","protected":false},"excerpt":{"rendered":"<p>Los dichos de Fernando Esteche son graves y no pueden aparecer en una democracia consolidada. Al gobierno le falta pol\u00edtica, dependen demasiado de los consultores externos.<\/p>\n","protected":false},"author":2,"featured_media":4879,"comment_status":"closed","ping_status":"closed","sticky":false,"template":"","format":"standard","meta":{"footnotes":""},"categories":[44,47],"tags":[],"class_list":["post-4878","post","type-post","status-publish","format-standard","has-post-thumbnail","hentry","category-actualidad","category-margarita-stolbizer-diputados-nacionales"],"_links":{"self":[{"href":"https:\/\/www.partidogen.org.ar\/web\/wp-json\/wp\/v2\/posts\/4878","targetHints":{"allow":["GET"]}}],"collection":[{"href":"https:\/\/www.partidogen.org.ar\/web\/wp-json\/wp\/v2\/posts"}],"about":[{"href":"https:\/\/www.partidogen.org.ar\/web\/wp-json\/wp\/v2\/types\/post"}],"author":[{"embeddable":true,"href":"https:\/\/www.partidogen.org.ar\/web\/wp-json\/wp\/v2\/users\/2"}],"replies":[{"embeddable":true,"href":"https:\/\/www.partidogen.org.ar\/web\/wp-json\/wp\/v2\/comments?post=4878"}],"version-history":[{"count":0,"href":"https:\/\/www.partidogen.org.ar\/web\/wp-json\/wp\/v2\/posts\/4878\/revisions"}],"wp:featuredmedia":[{"embeddable":true,"href":"https:\/\/www.partidogen.org.ar\/web\/wp-json\/wp\/v2\/media\/4879"}],"wp:attachment":[{"href":"https:\/\/www.partidogen.org.ar\/web\/wp-json\/wp\/v2\/media?parent=4878"}],"wp:term":[{"taxonomy":"category","embeddable":true,"href":"https:\/\/www.partidogen.org.ar\/web\/wp-json\/wp\/v2\/categories?post=4878"},{"taxonomy":"post_tag","embeddable":true,"href":"https:\/\/www.partidogen.org.ar\/web\/wp-json\/wp\/v2\/tags?post=4878"}],"curies":[{"name":"wp","href":"https:\/\/api.w.org\/{rel}","templated":true}]}}