{"id":4839,"date":"2016-10-31T14:06:35","date_gmt":"2016-10-31T17:06:35","guid":{"rendered":"http:\/\/www.partidogen.org.ar\/web\/?p=4839"},"modified":"2016-11-08T14:01:23","modified_gmt":"2016-11-08T17:01:23","slug":"sergio-abrevaya-en-la-audiencia-publica-por-tarifas-de-luz","status":"publish","type":"post","link":"https:\/\/www.partidogen.org.ar\/web\/sergio-abrevaya-en-la-audiencia-publica-por-tarifas-de-luz\/","title":{"rendered":"Sergio Abrevaya en la Audiencia P\u00fablica por Tarifas de Luz"},"content":{"rendered":"<p><iframe loading=\"lazy\" width=\"560\" height=\"315\" src=\"https:\/\/www.youtube.com\/embed\/mz4RfSoApVg\" frameborder=\"0\" allowfullscreen><\/iframe><br \/>\n<strong><span class=\"first\">E<\/span>l presidente del GEN CABA, Sergio Abrevaya, particip\u00f3 como orador en la Audiencia P\u00fablica por Tarifas de Luz realizada el 28 de octubre en el Teatro de la Ribera.<\/strong><\/p>\n<p>Acerca del ENRE y las empresas: Abrevaya manifest\u00f3 que el Ente Regulador debi\u00f3 haber presentado una evaluaci\u00f3n de los 24 a\u00f1os de concesi\u00f3n de las empresas, que han demostrado problemas tanto en la \u00e9poca de \u201cgloria de la tarifa del 1 a 1\u201d como cuando las tarifas no las favorecieron. Asimismo, expres\u00f3 que se carece de informaci\u00f3n respecto de los subsidios que recibieron tanto Edenor como Edesur, as\u00ed como tambi\u00e9n de lo sucedido con los fondos del FOCEDE (Fondo para Obras de Consolidaci\u00f3n y Expansi\u00f3n de Distribuci\u00f3n El\u00e9ctrica) manejado por las empresas de 2012 a 2014 y por el Ministerio de Planificaci\u00f3n Federal, Inversi\u00f3n P\u00fablica y Servicios de 2014 a diciembre de 2015. No se puede aceptar un nuevo aumento sin una evaluaci\u00f3n.<\/p>\n<p>Acerca de las tarifas: Las tarifas de luz, gas y agua deben ser vistas en conjunto, pensarse en un sentido macroecon\u00f3mico para as\u00ed tener en cuenta qu\u00e9 sucede en la econom\u00eda argentina, el impacto sobre el bolsillo del ciudadano que puede pagar, del que no puede hacerlo, el inquilino, la industria.<\/p>\n<p>Acerca de la tarifa social: Deber\u00eda unificarse el criterio en todos los servicios y \u201cagregar algunas contemplaciones\u201d tales como los consorcios que dependen del servicio de electricidad para abastecerse de luz, agua y calefacci\u00f3n; las viviendas multifamiliares; las PyMEs que dependen de la electricidad (con una tarifa diferenciada).<\/p>\n<p>\u201cEl Ente no ha evaluado el cumplimiento de las empresas. Por eso, instamos al ENRE a que hagan la evaluaci\u00f3n y desde all\u00ed pensemos c\u00f3mo se sigue hacia adelante, con estas empresas o con alguna otra f\u00f3rmula que el Estado proponga.\u201d<\/p>\n","protected":false},"excerpt":{"rendered":"<p>El presidente del GEN CABA, Sergio Abrevaya, particip\u00f3 como orador en la Audiencia P\u00fablica por Tarifas de Luz realizada el 28 de octubre en el Teatro de la Ribera.<\/p>\n","protected":false},"author":2,"featured_media":4840,"comment_status":"closed","ping_status":"closed","sticky":false,"template":"","format":"standard","meta":{"footnotes":""},"categories":[44,105,115],"tags":[],"class_list":["post-4839","post","type-post","status-publish","format-standard","has-post-thumbnail","hentry","category-actualidad","category-caba","category-sergio-abrevaya"],"_links":{"self":[{"href":"https:\/\/www.partidogen.org.ar\/web\/wp-json\/wp\/v2\/posts\/4839","targetHints":{"allow":["GET"]}}],"collection":[{"href":"https:\/\/www.partidogen.org.ar\/web\/wp-json\/wp\/v2\/posts"}],"about":[{"href":"https:\/\/www.partidogen.org.ar\/web\/wp-json\/wp\/v2\/types\/post"}],"author":[{"embeddable":true,"href":"https:\/\/www.partidogen.org.ar\/web\/wp-json\/wp\/v2\/users\/2"}],"replies":[{"embeddable":true,"href":"https:\/\/www.partidogen.org.ar\/web\/wp-json\/wp\/v2\/comments?post=4839"}],"version-history":[{"count":0,"href":"https:\/\/www.partidogen.org.ar\/web\/wp-json\/wp\/v2\/posts\/4839\/revisions"}],"wp:featuredmedia":[{"embeddable":true,"href":"https:\/\/www.partidogen.org.ar\/web\/wp-json\/wp\/v2\/media\/4840"}],"wp:attachment":[{"href":"https:\/\/www.partidogen.org.ar\/web\/wp-json\/wp\/v2\/media?parent=4839"}],"wp:term":[{"taxonomy":"category","embeddable":true,"href":"https:\/\/www.partidogen.org.ar\/web\/wp-json\/wp\/v2\/categories?post=4839"},{"taxonomy":"post_tag","embeddable":true,"href":"https:\/\/www.partidogen.org.ar\/web\/wp-json\/wp\/v2\/tags?post=4839"}],"curies":[{"name":"wp","href":"https:\/\/api.w.org\/{rel}","templated":true}]}}