{"id":4831,"date":"2016-10-31T13:42:31","date_gmt":"2016-10-31T16:42:31","guid":{"rendered":"http:\/\/www.partidogen.org.ar\/web\/?p=4831"},"modified":"2016-11-08T00:28:43","modified_gmt":"2016-11-08T03:28:43","slug":"stolbizer-obtuvo-fallo-a-favor-de-la-camara-contencioso-administrativo-federal","status":"publish","type":"post","link":"https:\/\/www.partidogen.org.ar\/web\/stolbizer-obtuvo-fallo-a-favor-de-la-camara-contencioso-administrativo-federal\/","title":{"rendered":"Stolbizer obtuvo fallo a favor de la C\u00e1mara Contencioso Administrativo Federal"},"content":{"rendered":"<p><img loading=\"lazy\" decoding=\"async\" src=\"http:\/\/www.partidogen.org.ar\/web\/wp-content\/uploads\/2016\/06\/497-300x211.jpg\" alt=\"Margarita Stolbizer\" width=\"300\" height=\"211\" class=\"alignright size-medium wp-image-3705\" srcset=\"https:\/\/www.partidogen.org.ar\/web\/wp-content\/uploads\/2016\/06\/497-300x211.jpg 300w, https:\/\/www.partidogen.org.ar\/web\/wp-content\/uploads\/2016\/06\/497-100x70.jpg 100w, https:\/\/www.partidogen.org.ar\/web\/wp-content\/uploads\/2016\/06\/497-150x106.jpg 150w, https:\/\/www.partidogen.org.ar\/web\/wp-content\/uploads\/2016\/06\/497-200x141.jpg 200w, https:\/\/www.partidogen.org.ar\/web\/wp-content\/uploads\/2016\/06\/497-450x317.jpg 450w, https:\/\/www.partidogen.org.ar\/web\/wp-content\/uploads\/2016\/06\/497.jpg 526w\" sizes=\"auto, (max-width: 300px) 100vw, 300px\" \/><br \/>\n30\/10\/2016.<br \/>\n<strong><span class=\"first\">D<\/span>urante el gobierno kirchnerista la diputada Margarita Stolbizer solicit\u00f3 informes al Sintys. En aquel momento se le deneg\u00f3 la informaci\u00f3n y fue por ello que present\u00f3 un amparo. Hace unos meses gan\u00f3 la acci\u00f3n en primera instancia para que el Sintys entregue la informaci\u00f3n requerida. Sin embargo, el actual gobierno apel\u00f3 la decisi\u00f3n judicial. Y ahora Stolbizer obtuvo el fallo a favor de la C\u00e1mara. <\/strong><\/p>\n<p>Esto permitir\u00e1 que se pueda acceder a la informaci\u00f3n que posea en su base de datos con relaci\u00f3n a las siguientes personas jur\u00eddicas: Los Sauces SA, Hotesur SA, Valle Mitre SRL e IDEA SA. Se trata de empresas de la Kirchner que fueron administradas o tuvieron relaciones comerciales y societarias con L\u00e1zaro B\u00e1ez, su familia y empresas.<\/p>\n<p>Stolbizer se\u00f1al\u00f3 que \u201clas causas que impulsamos para que se investigue la corrupci\u00f3n durante el kirchnerismo necesitan que desde el Estado se colabore brindando los datos que permitan clarificar los hechos\u201d y agreg\u00f3 \u201calgunas \u00e1reas est\u00e1n colaborando, pero otras no. En el caso de Vialidad Nacional, gracias a una auditor\u00eda que realiz\u00f3 sobre la obra p\u00fablica en Santa Cruz, fue posible probar que existi\u00f3 un grado notable de concentraci\u00f3n de obras en un \u00fanico grupo de empresas, tales como Austral construcciones de L\u00e1zaro B\u00e1ez, que adem\u00e1s incumpli\u00f3 con los plazos de ejecuci\u00f3n y todav\u00eda hoy muchas de las obras adjudicadas no fueron realizadas. Lo mismo tiene que pasar con las distintas \u00e1reas de gobierno, deben abrir y transparentar la informaci\u00f3n para que conozcamos c\u00f3mo funcion\u00f3 la relaci\u00f3n entre el Estado y el manejo de los fondos p\u00fablicos\u201d.<\/p>\n<p>El fallo de la C\u00e1mara ha expresado textualmente que: \u00abla informaci\u00f3n peticionada por la actora se presume de car\u00e1cter p\u00fablico. Y, por lo tanto, no existe base para afirmar, sin sustento ni apoyatura argumental algunos, que la informaci\u00f3n solicitada reviste el car\u00e1cter de privada, como lo hace el organismo demandado.<br \/>\n&#8230;que los datos solicitados por la diputada nacional Margarita Stolbizer al Sistema de Identificaci\u00f3n Nacional Tributario y Social mediante la nota cuya copia obraba a fs. 9, no pod\u00edan ser consideraros como \u201csensibles\u201d. Puntualiz\u00f3, asimismo, la evidente finalidad de inter\u00e9s p\u00fablico que persegu\u00eda la obtenci\u00f3n de los datos requeridos, por las razones apuntadas por el Sr. fiscal federal en su dictamen de fs. 59\/64vta. \u2013es decir, que la informaci\u00f3n requerida se encontraba relacionada con sociedades comerciales involucradas en la comisi\u00f3n de presuntos delitos objeto actualmente de investigaci\u00f3n penal-. Recalc\u00f3, asimismo, que de conformidad con lo dispuesto por el art. 8\u00ba del anexo VIII del decreto 1172\/2003, se presum\u00eda p\u00fablica toda la informaci\u00f3n producida u obtenida por o para los sujetos mencionados en el art\u00edculo 2\u00ba (organismos, entidades, empresas, sociedades, dependencias y todo otro ente que funcionara bajo la jurisdicci\u00f3n del Poder Ejecutivo Nacional). En tales condiciones, concluy\u00f3 la viabilidad de la acci\u00f3n incoada\u00bb.<\/p>\n<p>\u00bfQu\u00e9 es el SINTyS? <\/p>\n<p>El Sistema de Identificaci\u00f3n Nacional Tributario y Social, funciona en el \u00e1mbito del Consejo Nacional de Coordinaci\u00f3n de Pol\u00edticas Sociales, de la Presidencia de la Naci\u00f3n. A trav\u00e9s del Decreto 812\/98 se crea el SINTyS en el marco de la Jefatura de Gabinete de Ministros de la Naci\u00f3n, con el transcurrir del tiempo su marco normativo fue modific\u00e1ndose. En el a\u00f1o 2000 la Ley 25.345 ratifica la creaci\u00f3n del SINTyS y establece los primeros organismos que deben integrar su informaci\u00f3n al sistema, luego en el a\u00f1o 2001 la Ley 25.400 fija el compromiso de los gobiernos provinciales y de la Ciudad Aut\u00f3noma de Buenos Aires a adherir al SINTyS. En el a\u00f1o 2002 el Decreto 357 transfiere el proyecto SINTyS al Consejo Nacional de Coordinaci\u00f3n de Pol\u00edticas Sociales de la Presidencia de la Naci\u00f3n. En el a\u00f1o 2007, a trav\u00e9s del Decreto N\u00ba 78\/07 se crea la Direcci\u00f3n Nacional SINTyS dependiente del Consejo Nacional de Coordinaci\u00f3n de Pol\u00edticas Sociales, \u00e1mbito al cual actualmente pertenece.<\/p>\n<p>INFORMACI\u00d3N DISPONIBLE: Domicilios; Fallecidos; Relaciones Familiares; Activos (Dependientes e Independientes); Pasivos (Jubilaciones, Retiros, Pensiones Contributivas y Pensiones No Contributivas) Seguro de Desempleo; Programas Sociales; Cobertura de Salud (Obras Sociales, Seguros de Salud y Programas de Salud); Educaci\u00f3n (Alumnos, Becas de Estudio y Becas de Investigaci\u00f3n); Vivienda Social; Bienes Registrables (Automotores, Inmuebles, Embarcaciones, Aeronaves); Personas Jur\u00eddicas; Deudores Financieros; Tributos; Servicios P\u00fablicos (Usuarios y Subsidios).<\/p>\n","protected":false},"excerpt":{"rendered":"<p>EL SINTyS (Sistema de Identificaci\u00f3n Nacional Tributaria y Social) deber\u00e1 entregar a Stolbizer la informaci\u00f3n requerida sobre las sociedades que vinculan a Los Kirchner con L\u00e1zaro B\u00e1ez<\/p>\n","protected":false},"author":2,"featured_media":3638,"comment_status":"closed","ping_status":"closed","sticky":false,"template":"","format":"standard","meta":{"footnotes":""},"categories":[44,47],"tags":[],"class_list":["post-4831","post","type-post","status-publish","format-standard","has-post-thumbnail","hentry","category-actualidad","category-margarita-stolbizer-diputados-nacionales"],"_links":{"self":[{"href":"https:\/\/www.partidogen.org.ar\/web\/wp-json\/wp\/v2\/posts\/4831","targetHints":{"allow":["GET"]}}],"collection":[{"href":"https:\/\/www.partidogen.org.ar\/web\/wp-json\/wp\/v2\/posts"}],"about":[{"href":"https:\/\/www.partidogen.org.ar\/web\/wp-json\/wp\/v2\/types\/post"}],"author":[{"embeddable":true,"href":"https:\/\/www.partidogen.org.ar\/web\/wp-json\/wp\/v2\/users\/2"}],"replies":[{"embeddable":true,"href":"https:\/\/www.partidogen.org.ar\/web\/wp-json\/wp\/v2\/comments?post=4831"}],"version-history":[{"count":0,"href":"https:\/\/www.partidogen.org.ar\/web\/wp-json\/wp\/v2\/posts\/4831\/revisions"}],"wp:featuredmedia":[{"embeddable":true,"href":"https:\/\/www.partidogen.org.ar\/web\/wp-json\/wp\/v2\/media\/3638"}],"wp:attachment":[{"href":"https:\/\/www.partidogen.org.ar\/web\/wp-json\/wp\/v2\/media?parent=4831"}],"wp:term":[{"taxonomy":"category","embeddable":true,"href":"https:\/\/www.partidogen.org.ar\/web\/wp-json\/wp\/v2\/categories?post=4831"},{"taxonomy":"post_tag","embeddable":true,"href":"https:\/\/www.partidogen.org.ar\/web\/wp-json\/wp\/v2\/tags?post=4831"}],"curies":[{"name":"wp","href":"https:\/\/api.w.org\/{rel}","templated":true}]}}