{"id":4818,"date":"2016-10-27T13:53:02","date_gmt":"2016-10-27T16:53:02","guid":{"rendered":"http:\/\/www.partidogen.org.ar\/web\/?p=4818"},"modified":"2016-10-31T14:16:10","modified_gmt":"2016-10-31T17:16:10","slug":"margarita-stolbizer-en-a-fuego-lento-26102016","status":"publish","type":"post","link":"https:\/\/www.partidogen.org.ar\/web\/margarita-stolbizer-en-a-fuego-lento-26102016\/","title":{"rendered":"Margarita Stolbizer en A Fuego Lento 26\/10\/2016"},"content":{"rendered":"<p><iframe loading=\"lazy\" width=\"560\" height=\"315\" src=\"https:\/\/www.youtube.com\/embed\/ixcxKMwdx9g\" frameborder=\"0\" allowfullscreen><\/iframe><br \/>\n<strong><span class=\"first\">M<\/span>e siento muy respetada, por los del gobierno y los del Frente Renovador. La oposici\u00f3n debe ser de di\u00e1logo y de cooperaci\u00f3n. Massa y Margarita est\u00e1n en la oposici\u00f3n, lo dijo la gente. <\/strong><\/p>\n<p>Elisa Carri\u00f3 fue la gran armadora del espacio del gobierno. Con Massa no fui nunca a una elecci\u00f3n. Massa fren\u00f3 a Cristina Kirchner. <\/p>\n<p>Al Ministerio P\u00fablico le hacen falta reformas. Planteamos observaciones. Tuvimos una reuni\u00f3n y firm\u00e9 el dictamen diciendo mis objeciones. En el \u00ednterin aparece una posici\u00f3n de Carri\u00f3: que la ley no debe ser para echar a Alejandra Gils Carb\u00f3. Carri\u00f3 dice si la acusamos de mal desempe\u00f1o vayamos por el juicio pol\u00edtico. Esto afecta a fiscales con carreras hechas. El dictamen tiene muchos puntos d\u00e9biles. Coincido con Carri\u00f3 en que hay que desmantelar la SIDE. Ni s\u00e9 si voy a competir.<\/p>\n<p><strong>-Violencia de g\u00e9nero. -Video. Testimonio Cristina Kirchner.<\/strong><\/p>\n<p>Es lamentable. Lo otro lamentable fue lo de la tragedia de Once, cuando ella se puso en el mismo lugar que las v\u00edctimas. \u00bfFue en serio v\u00edctima de violencia de g\u00e9nero? \u00bfc\u00f3mo esta mujer pretende compararse con v\u00edctimas terminales? Y no nos olvidemos de que ella viene victimiz\u00e1ndose para rechazar las investigaciones judiciales. Dice me persiguen por ser mujer. <\/p>\n<p><strong>-La justicia.<\/strong> <\/p>\n<p>Lo que planteo son datos objetivos, cualquiera se da cuenta de que hay causas que hace meses no tienen progreso. Gerardo Pollicita e Ignacio Mahiques no tienen ni personal ni m\u00e1quinas. Hay muchos que han sido funcionales a la se\u00f1ora de Kirchner. Est\u00e1 la especulaci\u00f3n de que el gobierno se beneficia con el mantenimiento de la se\u00f1ora como competidora electoral. Marcos Pe\u00f1a dijo nosotros no hacemos nada, para que vaya o no presa. Puede ser pol\u00edticamente correcto pero el gobierno no puede ser neutro en la investigaci\u00f3n de la corrupci\u00f3n. Ellos hab\u00edan prometido cambio. La UIF y Vialidad Nacional han hecho informes importantes. El nuevo director (Javier Iguacel) ha hecho un informe muy importante. La oficina Anticorrupci\u00f3n se ha presentado como querellante. <\/p>\n<p><strong>-Transferencias a los hijos de Cristina.<\/strong><\/p>\n<p>Una madre demasiado generosa. Es notable el protagonismo de los hijos. Ella se desapoder\u00f3 de los bienes. Mart\u00edn B\u00e1ez firmaba acuerdos con M\u00e1ximo Kirchner en inmuebles. Hay cheques de esos pagos. Estos padres involucraron a los hijos. Mi demanda es de justicia. No tengo especulaci\u00f3n electoral. Expreso la necesidad de justicia que hay. Que la sociedad se embronque es bueno. El papel de ustedes es central. Los medios de comunicaci\u00f3n transmiten m\u00e1s valores que las escuelas. No tengo relaci\u00f3n con el Grupo Clar\u00edn, no conozco a H\u00e9ctor Magnetto. Jorge As\u00eds subestima mi tarea.<\/p>\n","protected":false},"excerpt":{"rendered":"<p>Me siento muy respetada, por los del gobierno y los del Frente Renovador. La oposici\u00f3n debe ser de di\u00e1logo y de cooperaci\u00f3n. Massa y Margarita est\u00e1n en la oposici\u00f3n, lo dijo la gente.<\/p>\n","protected":false},"author":2,"featured_media":4819,"comment_status":"closed","ping_status":"closed","sticky":false,"template":"","format":"standard","meta":{"footnotes":""},"categories":[44,47],"tags":[],"class_list":["post-4818","post","type-post","status-publish","format-standard","has-post-thumbnail","hentry","category-actualidad","category-margarita-stolbizer-diputados-nacionales"],"_links":{"self":[{"href":"https:\/\/www.partidogen.org.ar\/web\/wp-json\/wp\/v2\/posts\/4818","targetHints":{"allow":["GET"]}}],"collection":[{"href":"https:\/\/www.partidogen.org.ar\/web\/wp-json\/wp\/v2\/posts"}],"about":[{"href":"https:\/\/www.partidogen.org.ar\/web\/wp-json\/wp\/v2\/types\/post"}],"author":[{"embeddable":true,"href":"https:\/\/www.partidogen.org.ar\/web\/wp-json\/wp\/v2\/users\/2"}],"replies":[{"embeddable":true,"href":"https:\/\/www.partidogen.org.ar\/web\/wp-json\/wp\/v2\/comments?post=4818"}],"version-history":[{"count":0,"href":"https:\/\/www.partidogen.org.ar\/web\/wp-json\/wp\/v2\/posts\/4818\/revisions"}],"wp:featuredmedia":[{"embeddable":true,"href":"https:\/\/www.partidogen.org.ar\/web\/wp-json\/wp\/v2\/media\/4819"}],"wp:attachment":[{"href":"https:\/\/www.partidogen.org.ar\/web\/wp-json\/wp\/v2\/media?parent=4818"}],"wp:term":[{"taxonomy":"category","embeddable":true,"href":"https:\/\/www.partidogen.org.ar\/web\/wp-json\/wp\/v2\/categories?post=4818"},{"taxonomy":"post_tag","embeddable":true,"href":"https:\/\/www.partidogen.org.ar\/web\/wp-json\/wp\/v2\/tags?post=4818"}],"curies":[{"name":"wp","href":"https:\/\/api.w.org\/{rel}","templated":true}]}}