{"id":4780,"date":"2016-10-21T19:40:40","date_gmt":"2016-10-21T22:40:40","guid":{"rendered":"http:\/\/www.partidogen.org.ar\/web\/?p=4780"},"modified":"2016-10-27T13:58:58","modified_gmt":"2016-10-27T16:58:58","slug":"margarita-stolbizer-en-plan-m-20102016","status":"publish","type":"post","link":"https:\/\/www.partidogen.org.ar\/web\/margarita-stolbizer-en-plan-m-20102016\/","title":{"rendered":"Margarita Stolbizer en Plan M 20\/10\/2016"},"content":{"rendered":"<p><iframe loading=\"lazy\" width=\"560\" height=\"315\" src=\"https:\/\/www.youtube.com\/embed\/B86P1R5pmFI\" frameborder=\"0\" allowfullscreen><\/iframe><br \/>\n<strong><span class=\"first\">N<\/span>o me siento en medio de un tironeo. Interpreto las definiciones de los argentinos del a\u00f1o pasado. Ojal\u00e1 la gente haya dicho gobierna Margarita pero dijo gobierna Macri. Trabajo con Sergio Massa. La gente qued\u00f3 cansada de votar tantas veces.<\/strong><\/p>\n<p>Los beneficiarios del parate de las causas son los del gobierno. No me consta que Cambiemos tenga operadores en la justicia. Necesitamos un poder judicial independiente. Ellos se encontraron con un estado desquiciado. El gobierno no puede ser neutral en investigaci\u00f3n de la corrupci\u00f3n. <\/p>\n<p>Que Cristina Kirchner se plante a decir que sufre violencia de g\u00e9nero es una verg\u00fcenza, frente a lo que est\u00e1 ocurriendo en Argentina. Acordate lo que ella dijo en la tragedia de Once, se colg\u00f3 de las v\u00edctimas. Si habla Cristina, el que acumula es el gobierno. Poner gente en la Corte Suprema, nada m\u00e1s parecido al kirchnerismo.<\/p>\n<p>Macrismo y kirchnerismo se retroalimentan. A Marcos Pe\u00f1a le da lo mismo (que investiguen o no a Cristina), no puede ser as\u00ed. <\/p>\n<p>Integro Progresistas con Socialistas y Libres del Sur. Tengo una actitud cooperativa con el gobierno. He cuestionado cosas. Es anormal decir que todo es bueno o que todo es malo. La avenida del medio es muy ancha. La \u00faltima vez la gente vot\u00f3 para que no ganara el otro, por eso vot\u00f3 a Mauricio Macri. La avenida del medio est\u00e1 muy en disputa. <\/p>\n<p>-Pacto con la CGT: Me parece muy bien. Hay que institucionalizar la convocatoria. Hay que discutir, no s\u00f3lo precios y salarios. Debe haber un pacto de educaci\u00f3n y de reforma tributaria. Lo que pas\u00f3 es un inicio. Han llamado a sindicalistas y empresarios y a la Iglesia. Cada vez que el macrismo intenta sortear la legalidad es kirchnerismo. Pas\u00f3 con la Corte y las tarifas. En tarifas se encapricharon. <\/p>\n<p>Los Sauces y Hotesur son causas en que no hay avances. Sirven de pantalla para sumas millonarias. El blanqueo es un delito diferente a los delitos de dinero sucio. <\/p>\n<p>En el \u00abYo acuso\u00bb planteo que N\u00e9stor Kirchner era tan avaro que no quer\u00eda pagar los costos de los lavadores. Por eso hizo un lavadero propio. Ella (Cristina Kirchner) se insolvent\u00f3, pas\u00f3 todo a los hijos. <\/p>\n<p>La UIF viene haciendo una buena tarea. L\u00e1zaro B\u00e1ez junt\u00f3 3 mil millones de pesos. Hay terrenos, casas y condominios. No hay que distraerse, frenando la investigaci\u00f3n. No vayamos a buscar miles de millones, con 100 ten\u00e9s suficiente para procesar.<\/p>\n","protected":false},"excerpt":{"rendered":"<p>No me siento en medio de un tironeo. Interpreto las definiciones de los argentinos del a\u00f1o pasado. Ojal\u00e1 la gente haya dicho gobierna Margarita pero dijo gobierna Macri. Trabajo con Sergio Massa. La gente qued\u00f3 cansada de votar tantas veces.<\/p>\n","protected":false},"author":2,"featured_media":4782,"comment_status":"closed","ping_status":"closed","sticky":false,"template":"","format":"standard","meta":{"footnotes":""},"categories":[44,47],"tags":[],"class_list":["post-4780","post","type-post","status-publish","format-standard","has-post-thumbnail","hentry","category-actualidad","category-margarita-stolbizer-diputados-nacionales"],"_links":{"self":[{"href":"https:\/\/www.partidogen.org.ar\/web\/wp-json\/wp\/v2\/posts\/4780","targetHints":{"allow":["GET"]}}],"collection":[{"href":"https:\/\/www.partidogen.org.ar\/web\/wp-json\/wp\/v2\/posts"}],"about":[{"href":"https:\/\/www.partidogen.org.ar\/web\/wp-json\/wp\/v2\/types\/post"}],"author":[{"embeddable":true,"href":"https:\/\/www.partidogen.org.ar\/web\/wp-json\/wp\/v2\/users\/2"}],"replies":[{"embeddable":true,"href":"https:\/\/www.partidogen.org.ar\/web\/wp-json\/wp\/v2\/comments?post=4780"}],"version-history":[{"count":0,"href":"https:\/\/www.partidogen.org.ar\/web\/wp-json\/wp\/v2\/posts\/4780\/revisions"}],"wp:featuredmedia":[{"embeddable":true,"href":"https:\/\/www.partidogen.org.ar\/web\/wp-json\/wp\/v2\/media\/4782"}],"wp:attachment":[{"href":"https:\/\/www.partidogen.org.ar\/web\/wp-json\/wp\/v2\/media?parent=4780"}],"wp:term":[{"taxonomy":"category","embeddable":true,"href":"https:\/\/www.partidogen.org.ar\/web\/wp-json\/wp\/v2\/categories?post=4780"},{"taxonomy":"post_tag","embeddable":true,"href":"https:\/\/www.partidogen.org.ar\/web\/wp-json\/wp\/v2\/tags?post=4780"}],"curies":[{"name":"wp","href":"https:\/\/api.w.org\/{rel}","templated":true}]}}