{"id":4762,"date":"2016-10-18T16:03:10","date_gmt":"2016-10-18T19:03:10","guid":{"rendered":"http:\/\/www.partidogen.org.ar\/web\/?p=4762"},"modified":"2016-10-24T17:40:56","modified_gmt":"2016-10-24T20:40:56","slug":"la-juventud-del-gen-en-el-1er-congreso-nacional-de-la-js","status":"publish","type":"post","link":"https:\/\/www.partidogen.org.ar\/web\/la-juventud-del-gen-en-el-1er-congreso-nacional-de-la-js\/","title":{"rendered":"La Juventud del GEN en el 1er Congreso Nacional de la Juventud Socialista"},"content":{"rendered":"<p><img loading=\"lazy\" decoding=\"async\" src=\"http:\/\/www.partidogen.org.ar\/web\/wp-content\/uploads\/2016\/10\/560.jpg\" alt=\"JGEN-CongresoJS\" width=\"526\" height=\"370\" class=\"alignright size-full wp-image-4763\" srcset=\"https:\/\/www.partidogen.org.ar\/web\/wp-content\/uploads\/2016\/10\/560.jpg 526w, https:\/\/www.partidogen.org.ar\/web\/wp-content\/uploads\/2016\/10\/560-300x211.jpg 300w, https:\/\/www.partidogen.org.ar\/web\/wp-content\/uploads\/2016\/10\/560-100x70.jpg 100w, https:\/\/www.partidogen.org.ar\/web\/wp-content\/uploads\/2016\/10\/560-150x106.jpg 150w, https:\/\/www.partidogen.org.ar\/web\/wp-content\/uploads\/2016\/10\/560-200x141.jpg 200w, https:\/\/www.partidogen.org.ar\/web\/wp-content\/uploads\/2016\/10\/560-450x317.jpg 450w\" sizes=\"auto, (max-width: 526px) 100vw, 526px\" \/><\/p>\n<p><strong><span class=\"first\">M<\/span>\u00e1s de 400 j\u00f3venes socialistas de todo el pa\u00eds se reunieron el pasado 15 de octubre en Rosario. El encuentro, que se desarroll\u00f3 en la Facultad de Arquitectura de la UNR, fue el primer congreso nacional de ese centenario partido y tuvo por objetivo consolidar la organizaci\u00f3n nacional del frente juvenil del Partido Socialista, aprobar sus estatutos y delinear una agenda de trabajo para todas las organizaciones juveniles socialistas del pa\u00eds.<\/strong><\/p>\n<p>La Juventud del Partido GEN acompa\u00f1\u00f3 este hist\u00f3rico momento para las juventudes socialistas con una comitiva federal de cuatro integrantes de diferentes provincias, que saludaron el encuentro en su instancia de apertura. Valentino Redruello (Buenos Aires), Gustavo Leiva (Misiones), Math\u00edas Domizi y Milton Copparoni (C\u00f3rdoba), fueron los encargados de representar a la JGEN en el acto de apertura, en el cual tambi\u00e9n estuvieron presentes el Gobernador de Santa Fe, Miguel Lifschitz, y el ex diputado nacional Juan Carlos Zabalza, entre otros.<\/p>\n<p>En la apertura, la Juventud Socialistas recibi\u00f3 un importante n\u00famero de saludos internacionales por parte de otras juventudes socialdem\u00f3cratas del pa\u00eds y del mundo, as\u00ed como los saludos presenciales de los representantes de las Juventudes Liberales de Colombia, la Juventud Socialista de Chile y la Juventud del GEN Argentina. A su momento, Milton Copparoni (C\u00f3rdoba) salud\u00f3 a las juventudes socialistas en nombre del Partido GEN y las felicit\u00f3 por este hist\u00f3rico momento, al tiempo que destac\u00f3 que el frente juvenil del GEN se encuentra en similar proceso de organizaci\u00f3n de su espacio nacional. \u201cLa Juventud progresista tiene el desaf\u00edo de convocar a los j\u00f3venes a la pol\u00edtica y articular esfuerzos con quienes participan de otros espacios. La tarea es tambi\u00e9n renovar nuestros partidos y definir agendas de trabajo que ratifiquen que el cambio social no es un deseo sino una decisi\u00f3n\u201d. En el cierre de su intervenci\u00f3n, Copparoni ratific\u00f3 la vocaci\u00f3n del GEN de seguir construyendo y consolidando junto al socialismo el frente progresistas, y subray\u00f3: \u201ccuentan con nosotros en esa tarea\u201d<\/p>\n\n\t\t<style type=\"text\/css\">\n\t\t\t#gallery-1 {\n\t\t\t\tmargin: auto;\n\t\t\t}\n\t\t\t#gallery-1 .gallery-item {\n\t\t\t\tfloat: left;\n\t\t\t\tmargin-top: 10px;\n\t\t\t\ttext-align: center;\n\t\t\t\twidth: 33%;\n\t\t\t}\n\t\t\t#gallery-1 img {\n\t\t\t\tborder: 2px solid #cfcfcf;\n\t\t\t}\n\t\t\t#gallery-1 .gallery-caption {\n\t\t\t\tmargin-left: 0;\n\t\t\t}\n\t\t\t\/* see gallery_shortcode() in wp-includes\/media.php *\/\n\t\t<\/style>\n\t\t<div id='gallery-1' class='gallery galleryid-4762 gallery-columns-3 gallery-size-full'><dl class='gallery-item'>\n\t\t\t<dt class='gallery-icon landscape'>\n\t\t\t\t<a href='https:\/\/www.partidogen.org.ar\/web\/wp-content\/uploads\/2016\/10\/IMG-20161017-WA0013.jpg'><img loading=\"lazy\" decoding=\"async\" width=\"1600\" height=\"1066\" src=\"https:\/\/www.partidogen.org.ar\/web\/wp-content\/uploads\/2016\/10\/IMG-20161017-WA0013.jpg\" class=\"attachment-full size-full\" alt=\"\" srcset=\"https:\/\/www.partidogen.org.ar\/web\/wp-content\/uploads\/2016\/10\/IMG-20161017-WA0013.jpg 1600w, https:\/\/www.partidogen.org.ar\/web\/wp-content\/uploads\/2016\/10\/IMG-20161017-WA0013-300x200.jpg 300w, https:\/\/www.partidogen.org.ar\/web\/wp-content\/uploads\/2016\/10\/IMG-20161017-WA0013-768x512.jpg 768w, https:\/\/www.partidogen.org.ar\/web\/wp-content\/uploads\/2016\/10\/IMG-20161017-WA0013-1024x682.jpg 1024w, https:\/\/www.partidogen.org.ar\/web\/wp-content\/uploads\/2016\/10\/IMG-20161017-WA0013-100x67.jpg 100w, https:\/\/www.partidogen.org.ar\/web\/wp-content\/uploads\/2016\/10\/IMG-20161017-WA0013-150x100.jpg 150w, https:\/\/www.partidogen.org.ar\/web\/wp-content\/uploads\/2016\/10\/IMG-20161017-WA0013-200x133.jpg 200w, https:\/\/www.partidogen.org.ar\/web\/wp-content\/uploads\/2016\/10\/IMG-20161017-WA0013-450x300.jpg 450w, https:\/\/www.partidogen.org.ar\/web\/wp-content\/uploads\/2016\/10\/IMG-20161017-WA0013-600x400.jpg 600w, https:\/\/www.partidogen.org.ar\/web\/wp-content\/uploads\/2016\/10\/IMG-20161017-WA0013-900x600.jpg 900w\" sizes=\"auto, (max-width: 1600px) 100vw, 1600px\" \/><\/a>\n\t\t\t<\/dt><\/dl><dl class='gallery-item'>\n\t\t\t<dt class='gallery-icon landscape'>\n\t\t\t\t<a href='https:\/\/www.partidogen.org.ar\/web\/wp-content\/uploads\/2016\/10\/IMG-20161017-WA0012.jpg'><img loading=\"lazy\" decoding=\"async\" width=\"1600\" height=\"1066\" src=\"https:\/\/www.partidogen.org.ar\/web\/wp-content\/uploads\/2016\/10\/IMG-20161017-WA0012.jpg\" class=\"attachment-full size-full\" alt=\"\" srcset=\"https:\/\/www.partidogen.org.ar\/web\/wp-content\/uploads\/2016\/10\/IMG-20161017-WA0012.jpg 1600w, https:\/\/www.partidogen.org.ar\/web\/wp-content\/uploads\/2016\/10\/IMG-20161017-WA0012-300x200.jpg 300w, https:\/\/www.partidogen.org.ar\/web\/wp-content\/uploads\/2016\/10\/IMG-20161017-WA0012-768x512.jpg 768w, https:\/\/www.partidogen.org.ar\/web\/wp-content\/uploads\/2016\/10\/IMG-20161017-WA0012-1024x682.jpg 1024w, https:\/\/www.partidogen.org.ar\/web\/wp-content\/uploads\/2016\/10\/IMG-20161017-WA0012-100x67.jpg 100w, https:\/\/www.partidogen.org.ar\/web\/wp-content\/uploads\/2016\/10\/IMG-20161017-WA0012-150x100.jpg 150w, https:\/\/www.partidogen.org.ar\/web\/wp-content\/uploads\/2016\/10\/IMG-20161017-WA0012-200x133.jpg 200w, https:\/\/www.partidogen.org.ar\/web\/wp-content\/uploads\/2016\/10\/IMG-20161017-WA0012-450x300.jpg 450w, https:\/\/www.partidogen.org.ar\/web\/wp-content\/uploads\/2016\/10\/IMG-20161017-WA0012-600x400.jpg 600w, https:\/\/www.partidogen.org.ar\/web\/wp-content\/uploads\/2016\/10\/IMG-20161017-WA0012-900x600.jpg 900w\" sizes=\"auto, (max-width: 1600px) 100vw, 1600px\" \/><\/a>\n\t\t\t<\/dt><\/dl><dl class='gallery-item'>\n\t\t\t<dt class='gallery-icon landscape'>\n\t\t\t\t<a href='https:\/\/www.partidogen.org.ar\/web\/wp-content\/uploads\/2016\/10\/IMG-20161017-WA0014.jpg'><img loading=\"lazy\" decoding=\"async\" width=\"1600\" height=\"1066\" src=\"https:\/\/www.partidogen.org.ar\/web\/wp-content\/uploads\/2016\/10\/IMG-20161017-WA0014.jpg\" class=\"attachment-full size-full\" alt=\"\" srcset=\"https:\/\/www.partidogen.org.ar\/web\/wp-content\/uploads\/2016\/10\/IMG-20161017-WA0014.jpg 1600w, https:\/\/www.partidogen.org.ar\/web\/wp-content\/uploads\/2016\/10\/IMG-20161017-WA0014-300x200.jpg 300w, https:\/\/www.partidogen.org.ar\/web\/wp-content\/uploads\/2016\/10\/IMG-20161017-WA0014-768x512.jpg 768w, https:\/\/www.partidogen.org.ar\/web\/wp-content\/uploads\/2016\/10\/IMG-20161017-WA0014-1024x682.jpg 1024w, https:\/\/www.partidogen.org.ar\/web\/wp-content\/uploads\/2016\/10\/IMG-20161017-WA0014-100x67.jpg 100w, https:\/\/www.partidogen.org.ar\/web\/wp-content\/uploads\/2016\/10\/IMG-20161017-WA0014-150x100.jpg 150w, https:\/\/www.partidogen.org.ar\/web\/wp-content\/uploads\/2016\/10\/IMG-20161017-WA0014-200x133.jpg 200w, https:\/\/www.partidogen.org.ar\/web\/wp-content\/uploads\/2016\/10\/IMG-20161017-WA0014-450x300.jpg 450w, https:\/\/www.partidogen.org.ar\/web\/wp-content\/uploads\/2016\/10\/IMG-20161017-WA0014-600x400.jpg 600w, https:\/\/www.partidogen.org.ar\/web\/wp-content\/uploads\/2016\/10\/IMG-20161017-WA0014-900x600.jpg 900w\" sizes=\"auto, (max-width: 1600px) 100vw, 1600px\" \/><\/a>\n\t\t\t<\/dt><\/dl><br style=\"clear: both\" \/>\n\t\t<\/div>\n\n","protected":false},"excerpt":{"rendered":"<p>La Juventud del Partido GEN acompa\u00f1\u00f3 este hist\u00f3rico momento para las juventudes socialistas con una comitiva federal de cuatro integrantes de diferentes provincias, que saludaron el encuentro en su instancia de apertura.<\/p>\n","protected":false},"author":2,"featured_media":4763,"comment_status":"closed","ping_status":"closed","sticky":false,"template":"","format":"standard","meta":{"footnotes":""},"categories":[44,58],"tags":[],"class_list":["post-4762","post","type-post","status-publish","format-standard","has-post-thumbnail","hentry","category-actualidad","category-juventud-nacional"],"_links":{"self":[{"href":"https:\/\/www.partidogen.org.ar\/web\/wp-json\/wp\/v2\/posts\/4762","targetHints":{"allow":["GET"]}}],"collection":[{"href":"https:\/\/www.partidogen.org.ar\/web\/wp-json\/wp\/v2\/posts"}],"about":[{"href":"https:\/\/www.partidogen.org.ar\/web\/wp-json\/wp\/v2\/types\/post"}],"author":[{"embeddable":true,"href":"https:\/\/www.partidogen.org.ar\/web\/wp-json\/wp\/v2\/users\/2"}],"replies":[{"embeddable":true,"href":"https:\/\/www.partidogen.org.ar\/web\/wp-json\/wp\/v2\/comments?post=4762"}],"version-history":[{"count":0,"href":"https:\/\/www.partidogen.org.ar\/web\/wp-json\/wp\/v2\/posts\/4762\/revisions"}],"wp:featuredmedia":[{"embeddable":true,"href":"https:\/\/www.partidogen.org.ar\/web\/wp-json\/wp\/v2\/media\/4763"}],"wp:attachment":[{"href":"https:\/\/www.partidogen.org.ar\/web\/wp-json\/wp\/v2\/media?parent=4762"}],"wp:term":[{"taxonomy":"category","embeddable":true,"href":"https:\/\/www.partidogen.org.ar\/web\/wp-json\/wp\/v2\/categories?post=4762"},{"taxonomy":"post_tag","embeddable":true,"href":"https:\/\/www.partidogen.org.ar\/web\/wp-json\/wp\/v2\/tags?post=4762"}],"curies":[{"name":"wp","href":"https:\/\/api.w.org\/{rel}","templated":true}]}}