{"id":4720,"date":"2016-10-03T12:49:43","date_gmt":"2016-10-03T15:49:43","guid":{"rendered":"http:\/\/www.partidogen.org.ar\/web\/?p=4720"},"modified":"2016-10-18T16:13:21","modified_gmt":"2016-10-18T19:13:21","slug":"nos-urge-la-creacion-del-consejo-economico-y-social-nacional","status":"publish","type":"post","link":"https:\/\/www.partidogen.org.ar\/web\/nos-urge-la-creacion-del-consejo-economico-y-social-nacional\/","title":{"rendered":"Nos urge la creaci\u00f3n del Consejo Econ\u00f3mico y Social Nacional"},"content":{"rendered":"<p><img loading=\"lazy\" decoding=\"async\" src=\"http:\/\/www.partidogen.org.ar\/web\/wp-content\/uploads\/2016\/10\/559.jpg\" alt=\"Sergio Abrevaya\" width=\"526\" height=\"370\" class=\"alignright size-full wp-image-4722\" srcset=\"https:\/\/www.partidogen.org.ar\/web\/wp-content\/uploads\/2016\/10\/559.jpg 526w, https:\/\/www.partidogen.org.ar\/web\/wp-content\/uploads\/2016\/10\/559-300x211.jpg 300w, https:\/\/www.partidogen.org.ar\/web\/wp-content\/uploads\/2016\/10\/559-100x70.jpg 100w, https:\/\/www.partidogen.org.ar\/web\/wp-content\/uploads\/2016\/10\/559-150x106.jpg 150w, https:\/\/www.partidogen.org.ar\/web\/wp-content\/uploads\/2016\/10\/559-200x141.jpg 200w, https:\/\/www.partidogen.org.ar\/web\/wp-content\/uploads\/2016\/10\/559-450x317.jpg 450w\" sizes=\"auto, (max-width: 526px) 100vw, 526px\" \/><br \/>\nOpini\u00f3n por Sergio Abrevaya. <a href=\"http:\/\/www.infobae.com\/opinion\/2016\/10\/03\/nos-urge-la-creacion-del-consejo-economico-y-social-nacional\/\" target=\"_blank\">Fuente infobae<\/a><\/p>\n<p><strong><span class=\"first\">C<\/span>on amenazas de paro de por medio, el Gobierno nacional y el triunvirato de la Confederaci\u00f3n General del Trabajo (CGT) se reunieron sin alcanzar conclusiones v\u00e1lidas para los trabajadores.<\/strong><\/p>\n<p>Hoy, Argentina presenta una situaci\u00f3n atravesada por varias aristas: un Gobierno que todav\u00eda est\u00e1 encontrando su rumbo; un nuevo formato de CGT, cuya cabeza est\u00e1 integrada por un triunvirato; reuniones y firma de convenios. Pymes y trabajadores deben lidiar con la suba de tarifas, el impuesto a las ganancias, una inflaci\u00f3n que excede lo previsto y supera lo (poco) conseguido durante las paritarias, y el gran ausente en todas las discusiones: el faro del desarrollo para una Argentina en la que todos los actores est\u00e9n de acuerdo para los pr\u00f3ximos diez a\u00f1os.<\/p>\n<p>Tras la reuni\u00f3n, el Gobierno nacional se comprometi\u00f3 a evaluar ciertos pedidos, la CGT advierte que habr\u00e1 un paro y, en el tironeo, los argentinos nos preguntamos: \u00ab\u00bfNo hay soluci\u00f3n?\u00bb. S\u00ed, la hay.<\/p>\n<p>La retracci\u00f3n econ\u00f3mica de la que se intenta salir implica buscar entre todos las claves del desarrollo. La incertidumbre de fines de 2015 se reflej\u00f3 en la remarcaci\u00f3n de precios de noviembre y diciembre. Todav\u00eda Argentina no encuentra una mesa de di\u00e1logo para pol\u00edticas p\u00fablicas estables para el desarrollo. Si bien el ministro de Producci\u00f3n de la Naci\u00f3n, Francisco Cabrera, concret\u00f3 algunos encuentros sectoriales positivos que derivaron en leyes, como la de mayor participaci\u00f3n nacional en autopartes, hoy se requieren mejores acuerdos en impuestos y energ\u00eda, entre otros.<\/p>\n<p>A pesar de que al principio el Gobierno nacional no crey\u00f3 en el di\u00e1logo para generar pol\u00edticas, el desencuentro en tarifas lo llev\u00f3 a pensar en la urgencia de un formato distinto, como las mesas de di\u00e1logo.<\/p>\n<p>La respuesta est\u00e1 en la urgente constituci\u00f3n de un Consejo Econ\u00f3mico y Social Nacional del que participen todos los sectores de trabajo y producci\u00f3n, para que, conjuntamente, elaboren las medidas necesarias para afrontar la delicada situaci\u00f3n por la que transita nuestro pa\u00eds.<\/p>\n<p>Un Consejo Econ\u00f3mico y Social Nacional que concentre, a trav\u00e9s de distintas visiones de las organizaciones que lo compongan, un espacio para el debate, el di\u00e1logo y la reflexi\u00f3n, donde se armonicen los intereses de sus integrantes y se generen acuerdos que mejoren la calidad de vida de los ciudadanos.<\/p>\n<p>Porque el 32,2% de pobreza estructural \u2014que no es de hoy\u2014 que queremos revertir requiere de pol\u00edticas de desarrollo sostenidas por todos los sectores, que hasta hoy no se han dado. Es el tiempo de empezar.<\/p>\n<p>El autor es ex presidente del Consejo Econ\u00f3mico y Social de la Ciudad de Buenos Aires, ex legislador porte\u00f1o. Presidente GEN, CABA.<\/p>\n","protected":false},"excerpt":{"rendered":"<p>Con amenazas de paro de por medio, el Gobierno nacional y el triunvirato de la Confederaci\u00f3n General del Trabajo (CGT) se reunieron sin alcanzar conclusiones v\u00e1lidas para los trabajadores.<\/p>\n","protected":false},"author":2,"featured_media":4722,"comment_status":"closed","ping_status":"closed","sticky":false,"template":"","format":"standard","meta":{"footnotes":""},"categories":[44,105,115],"tags":[],"class_list":["post-4720","post","type-post","status-publish","format-standard","has-post-thumbnail","hentry","category-actualidad","category-caba","category-sergio-abrevaya"],"_links":{"self":[{"href":"https:\/\/www.partidogen.org.ar\/web\/wp-json\/wp\/v2\/posts\/4720","targetHints":{"allow":["GET"]}}],"collection":[{"href":"https:\/\/www.partidogen.org.ar\/web\/wp-json\/wp\/v2\/posts"}],"about":[{"href":"https:\/\/www.partidogen.org.ar\/web\/wp-json\/wp\/v2\/types\/post"}],"author":[{"embeddable":true,"href":"https:\/\/www.partidogen.org.ar\/web\/wp-json\/wp\/v2\/users\/2"}],"replies":[{"embeddable":true,"href":"https:\/\/www.partidogen.org.ar\/web\/wp-json\/wp\/v2\/comments?post=4720"}],"version-history":[{"count":0,"href":"https:\/\/www.partidogen.org.ar\/web\/wp-json\/wp\/v2\/posts\/4720\/revisions"}],"wp:featuredmedia":[{"embeddable":true,"href":"https:\/\/www.partidogen.org.ar\/web\/wp-json\/wp\/v2\/media\/4722"}],"wp:attachment":[{"href":"https:\/\/www.partidogen.org.ar\/web\/wp-json\/wp\/v2\/media?parent=4720"}],"wp:term":[{"taxonomy":"category","embeddable":true,"href":"https:\/\/www.partidogen.org.ar\/web\/wp-json\/wp\/v2\/categories?post=4720"},{"taxonomy":"post_tag","embeddable":true,"href":"https:\/\/www.partidogen.org.ar\/web\/wp-json\/wp\/v2\/tags?post=4720"}],"curies":[{"name":"wp","href":"https:\/\/api.w.org\/{rel}","templated":true}]}}