{"id":4688,"date":"2016-09-27T15:13:36","date_gmt":"2016-09-27T18:13:36","guid":{"rendered":"http:\/\/www.partidogen.org.ar\/web\/?p=4688"},"modified":"2016-10-03T13:04:39","modified_gmt":"2016-10-03T16:04:39","slug":"progresistas-rechaza-las-acusaciones-contra-el-ex-gobernador-bonfatti","status":"publish","type":"post","link":"https:\/\/www.partidogen.org.ar\/web\/progresistas-rechaza-las-acusaciones-contra-el-ex-gobernador-bonfatti\/","title":{"rendered":"PROGRESISTAS rechaza las acusaciones contra el ex Gobernador Bonfatti"},"content":{"rendered":"<p><strong><span class=\"first\">E<\/span>l Partido GEN, el Movimiento Libres del Sur y el Partido Socialista, fuerzas que integran el Frente \u201cProgresistas\u201d, rechazan en\u00e9rgicamente por infundadas, injustas y agraviantes las acusaciones vertidas por la Diputada Elisa Carri\u00f3, as\u00ed como otros ataques p\u00fablicos ocurridos en las \u00faltimas semanas, contra el ex gobernador de la provincia de Santa Fe, Dr. Antonio Bonfatti, al tiempo que le expresamos nuestra total solidaridad y respaldo.<\/strong><\/p>\n<p>Ninguna de las fuerzas que integran Progresistas, y en particular el Partido Socialista, tiene, ni ha tenido, vinculaci\u00f3n o complicidad alguna con el narcotr\u00e1fico ni en Santa Fe ni en ning\u00fan lugar del pa\u00eds. Muy por el contrario, siempre hemos planteado con claridad la necesidad de articular un plan nacional de lucha contra el tr\u00e1fico de drogas ilegales, que por ser un delito federal, requiere la activa participaci\u00f3n del Gobierno Nacional. La lucha contra el crimen organizado y en particular contra el narcotr\u00e1fico \u2013tanto en la provincia de Santa Fe, como en cualquier parte del pa\u00eds- es compleja, y debe ser encarada desde un conjunto de pol\u00edticas p\u00fablicas, lo que la hace ardua y dif\u00edcil.<\/p>\n<p>Precisamente por eso debe encontrar a todos los poderes del Estado y a todas las instancias de gobierno -nacional, provincial y municipal-  trabajando en conjunto, para erradicar el narcotr\u00e1fico de nuestro pa\u00eds. Este es el compromiso que desde nuestras responsabilidades Ejecutivas y Legislativas asumimos, cumplimos y ratificamos quienes integramos Progresistas.<br \/>\n<img loading=\"lazy\" decoding=\"async\" src=\"http:\/\/www.partidogen.org.ar\/web\/wp-content\/uploads\/2016\/08\/logo-PROGRESISTAS-color-72dpi-248x300.png\" alt=\"logo-PROGRESISTAS-color-72dpi\" width=\"248\" height=\"300\" class=\"aligncenter size-medium wp-image-4247\" srcset=\"https:\/\/www.partidogen.org.ar\/web\/wp-content\/uploads\/2016\/08\/logo-PROGRESISTAS-color-72dpi-248x300.png 248w, https:\/\/www.partidogen.org.ar\/web\/wp-content\/uploads\/2016\/08\/logo-PROGRESISTAS-color-72dpi-100x121.png 100w, https:\/\/www.partidogen.org.ar\/web\/wp-content\/uploads\/2016\/08\/logo-PROGRESISTAS-color-72dpi-150x181.png 150w, https:\/\/www.partidogen.org.ar\/web\/wp-content\/uploads\/2016\/08\/logo-PROGRESISTAS-color-72dpi-200x242.png 200w, https:\/\/www.partidogen.org.ar\/web\/wp-content\/uploads\/2016\/08\/logo-PROGRESISTAS-color-72dpi-300x363.png 300w, https:\/\/www.partidogen.org.ar\/web\/wp-content\/uploads\/2016\/08\/logo-PROGRESISTAS-color-72dpi.png 353w\" sizes=\"auto, (max-width: 248px) 100vw, 248px\" \/><br \/>\n<center><strong>Partido GEN: Margarita Stolbizer \u2013 Ricardo V\u00e1zquez.<br \/>\nLibres del Sur: Victoria Donda \u2013 Humberto Tumini.<br \/>\nPartido Socialista: Hermes Binner &#8211; Alfredo Lazzeretti.<\/strong><\/center><\/p>\n","protected":false},"excerpt":{"rendered":"<p>E Partido GEN, el Movimiento Libres del Sur y el Partido Socialista, fuerzas que integran el Frente \u201cPROGRESISTAS\u201d, rechazan en\u00e9rgicamente por infundadas, injustas y agraviantes las acusaciones vertidas por la Diputada Elisa Carri\u00f3, as\u00ed como otros ataques p\u00fablicos ocurridos en las \u00faltimas semanas, contra el ex gobernador de la provincia de Santa Fe, Dr. Antonio Bonfatti, al tiempo que le expresamos nuestra total solidaridad y respaldo.<\/p>\n","protected":false},"author":2,"featured_media":4691,"comment_status":"closed","ping_status":"closed","sticky":false,"template":"","format":"standard","meta":{"footnotes":""},"categories":[44,108],"tags":[],"class_list":["post-4688","post","type-post","status-publish","format-standard","has-post-thumbnail","hentry","category-actualidad","category-progresistas"],"_links":{"self":[{"href":"https:\/\/www.partidogen.org.ar\/web\/wp-json\/wp\/v2\/posts\/4688","targetHints":{"allow":["GET"]}}],"collection":[{"href":"https:\/\/www.partidogen.org.ar\/web\/wp-json\/wp\/v2\/posts"}],"about":[{"href":"https:\/\/www.partidogen.org.ar\/web\/wp-json\/wp\/v2\/types\/post"}],"author":[{"embeddable":true,"href":"https:\/\/www.partidogen.org.ar\/web\/wp-json\/wp\/v2\/users\/2"}],"replies":[{"embeddable":true,"href":"https:\/\/www.partidogen.org.ar\/web\/wp-json\/wp\/v2\/comments?post=4688"}],"version-history":[{"count":0,"href":"https:\/\/www.partidogen.org.ar\/web\/wp-json\/wp\/v2\/posts\/4688\/revisions"}],"wp:featuredmedia":[{"embeddable":true,"href":"https:\/\/www.partidogen.org.ar\/web\/wp-json\/wp\/v2\/media\/4691"}],"wp:attachment":[{"href":"https:\/\/www.partidogen.org.ar\/web\/wp-json\/wp\/v2\/media?parent=4688"}],"wp:term":[{"taxonomy":"category","embeddable":true,"href":"https:\/\/www.partidogen.org.ar\/web\/wp-json\/wp\/v2\/categories?post=4688"},{"taxonomy":"post_tag","embeddable":true,"href":"https:\/\/www.partidogen.org.ar\/web\/wp-json\/wp\/v2\/tags?post=4688"}],"curies":[{"name":"wp","href":"https:\/\/api.w.org\/{rel}","templated":true}]}}