{"id":4191,"date":"2016-08-13T13:19:41","date_gmt":"2016-08-13T16:19:41","guid":{"rendered":"http:\/\/www.partidogen.org.ar\/web\/?p=4191"},"modified":"2016-08-21T12:48:48","modified_gmt":"2016-08-21T15:48:48","slug":"repudio-a-la-intolerancia","status":"publish","type":"post","link":"https:\/\/www.partidogen.org.ar\/web\/repudio-a-la-intolerancia\/","title":{"rendered":"Repudio a la intolerancia"},"content":{"rendered":"<p style=\"text-align: right;\">Buenos Aires, 13 de agosto de 2016<\/p>\n<p><strong><span class=\"first\">E<\/span>l Partido GEN ante los hechos de violencia a los que fueron sometidos el Presidente de la Rep\u00fablica Mauricio Macri y la Gobernadora de la Provincia de Buenos Aires Mar\u00eda Eugenia Vidal expresa su m\u00e1s en\u00e9rgico repudio a pr\u00e1cticas que destruyen la convivencia entre los argentinos.<\/strong><\/p>\n<p>Ambos mandatarios fueron electos por la voluntad mayoritaria del pueblo y merecen el respeto que su investidura representa.<\/p>\n<p>Las diferencias o divergencias con cualquiera de sus pol\u00edticas deben manifestarse de manera pac\u00edfica y por los canales institucionales que la Rep\u00fablica tiene establecidos en su Constituci\u00f3n.<\/p>\n<p>Queremos construir una etapa distinta en la Argentina con respeto, tolerancia y convivencia democr\u00e1tica. Es por esto que condenamos estos hechos de violencia, las experiencias hist\u00f3ricas nos ense\u00f1an que poco contribuyen a fortalecer una sociedad que debe crecer en libertad y con justicia.<br \/>\n<img loading=\"lazy\" decoding=\"async\" src=\"http:\/\/www.partidogen.org.ar\/web\/wp-content\/uploads\/2016\/05\/LogoGEN-PNG-1-150x150.png\" alt=\"LogoGEN-PNG\" width=\"150\" height=\"150\" class=\"aligncenter size-thumbnail wp-image-3632\" srcset=\"https:\/\/www.partidogen.org.ar\/web\/wp-content\/uploads\/2016\/05\/LogoGEN-PNG-1-150x150.png 150w, https:\/\/www.partidogen.org.ar\/web\/wp-content\/uploads\/2016\/05\/LogoGEN-PNG-1-109x109.png 109w, https:\/\/www.partidogen.org.ar\/web\/wp-content\/uploads\/2016\/05\/LogoGEN-PNG-1-100x100.png 100w, https:\/\/www.partidogen.org.ar\/web\/wp-content\/uploads\/2016\/05\/LogoGEN-PNG-1-144x144.png 144w\" sizes=\"auto, (max-width: 150px) 100vw, 150px\" \/><\/p>\n","protected":false},"excerpt":{"rendered":"<p>El Partido GEN ante los hechos de violencia a los que fueron sometidos el Presidente de la Rep\u00fablica Mauricio Macri y la Gobernadora de la Provincia de Buenos Aires Mar\u00eda Eugenia Vidal expresa su m\u00e1s en\u00e9rgico repudio a pr\u00e1cticas que destruyen la convivencia entre los argentinos.<\/p>\n","protected":false},"author":2,"featured_media":1055,"comment_status":"closed","ping_status":"closed","sticky":false,"template":"","format":"standard","meta":{"footnotes":""},"categories":[44,2],"tags":[],"class_list":["post-4191","post","type-post","status-publish","format-standard","has-post-thumbnail","hentry","category-actualidad","category-mesa-ejecutiva-partido-gen-nacional"],"_links":{"self":[{"href":"https:\/\/www.partidogen.org.ar\/web\/wp-json\/wp\/v2\/posts\/4191","targetHints":{"allow":["GET"]}}],"collection":[{"href":"https:\/\/www.partidogen.org.ar\/web\/wp-json\/wp\/v2\/posts"}],"about":[{"href":"https:\/\/www.partidogen.org.ar\/web\/wp-json\/wp\/v2\/types\/post"}],"author":[{"embeddable":true,"href":"https:\/\/www.partidogen.org.ar\/web\/wp-json\/wp\/v2\/users\/2"}],"replies":[{"embeddable":true,"href":"https:\/\/www.partidogen.org.ar\/web\/wp-json\/wp\/v2\/comments?post=4191"}],"version-history":[{"count":0,"href":"https:\/\/www.partidogen.org.ar\/web\/wp-json\/wp\/v2\/posts\/4191\/revisions"}],"wp:featuredmedia":[{"embeddable":true,"href":"https:\/\/www.partidogen.org.ar\/web\/wp-json\/wp\/v2\/media\/1055"}],"wp:attachment":[{"href":"https:\/\/www.partidogen.org.ar\/web\/wp-json\/wp\/v2\/media?parent=4191"}],"wp:term":[{"taxonomy":"category","embeddable":true,"href":"https:\/\/www.partidogen.org.ar\/web\/wp-json\/wp\/v2\/categories?post=4191"},{"taxonomy":"post_tag","embeddable":true,"href":"https:\/\/www.partidogen.org.ar\/web\/wp-json\/wp\/v2\/tags?post=4191"}],"curies":[{"name":"wp","href":"https:\/\/api.w.org\/{rel}","templated":true}]}}