{"id":4130,"date":"2016-08-04T16:56:11","date_gmt":"2016-08-04T19:56:11","guid":{"rendered":"http:\/\/www.partidogen.org.ar\/web\/?p=4130"},"modified":"2016-08-04T16:56:11","modified_gmt":"2016-08-04T19:56:11","slug":"el-interbloque-progresistas-propuso-incorporar-la-paridad-de-genero","status":"publish","type":"post","link":"https:\/\/www.partidogen.org.ar\/web\/el-interbloque-progresistas-propuso-incorporar-la-paridad-de-genero\/","title":{"rendered":"El interbloque Progresistas, propuso incorporar la paridad de g\u00e9nero"},"content":{"rendered":"<p><img loading=\"lazy\" decoding=\"async\" src=\"http:\/\/www.partidogen.org.ar\/web\/wp-content\/uploads\/2016\/08\/514.jpg\" alt=\"Stolbizer - Ciciliani\" width=\"1232\" height=\"335\" class=\"alignnone size-full wp-image-4131\" srcset=\"https:\/\/www.partidogen.org.ar\/web\/wp-content\/uploads\/2016\/08\/514.jpg 1232w, https:\/\/www.partidogen.org.ar\/web\/wp-content\/uploads\/2016\/08\/514-300x82.jpg 300w, https:\/\/www.partidogen.org.ar\/web\/wp-content\/uploads\/2016\/08\/514-768x209.jpg 768w, https:\/\/www.partidogen.org.ar\/web\/wp-content\/uploads\/2016\/08\/514-1024x278.jpg 1024w, https:\/\/www.partidogen.org.ar\/web\/wp-content\/uploads\/2016\/08\/514-100x27.jpg 100w, https:\/\/www.partidogen.org.ar\/web\/wp-content\/uploads\/2016\/08\/514-150x41.jpg 150w, https:\/\/www.partidogen.org.ar\/web\/wp-content\/uploads\/2016\/08\/514-200x54.jpg 200w, https:\/\/www.partidogen.org.ar\/web\/wp-content\/uploads\/2016\/08\/514-450x122.jpg 450w, https:\/\/www.partidogen.org.ar\/web\/wp-content\/uploads\/2016\/08\/514-600x163.jpg 600w, https:\/\/www.partidogen.org.ar\/web\/wp-content\/uploads\/2016\/08\/514-900x245.jpg 900w\" sizes=\"auto, (max-width: 1232px) 100vw, 1232px\" \/><br \/>\n04\/08\/2016. REFORMA ELECTORAL \u2013 DEBATE EN C\u00c1MARA DE DIPUTADOS<\/p>\n<p><strong><span class=\"first\">E<\/span>l interbloque Progresistas, conformado por Socialismo, GEN y Libres del Sur,  en la reuni\u00f3n plenaria de Comisi\u00f3n de la C\u00e1mara de Diputados, propuso incorporar a la reforma electoral, la paridad de g\u00e9nero.<\/strong> <\/p>\n<p>Las diputadas Alicia Ciciliani y Margarita Stolbizer expresaron que \u201caunque el 51 % de la poblaci\u00f3n argentina est\u00e1 compuesto por mujeres, el poder sigue estando mayoritariamente en manos de varones. De 135 intendencias de la provincia de Buenos Aires, solo 4 intendentas son mujeres. En promedio, en los gabinetes de ministros del gobierno nacional y de los gabinetes de las provincias solo el 20% son ministras mujeres. Incluso en las 5 provincias que gobiernan las mujeres, tambi\u00e9n los gabinetes son mayoritariamente de varones\u201d y agregaron que \u201cPor la ley de cupo esta tendencia mejora en el Parlamento. Pero lo que pretendi\u00f3 ser un impulso dinamizador de la participaci\u00f3n de las mujeres,  termin\u00f3 siendo un techo, puesto que apenas se supera el reglamentario 30% que fija la ley. Para salir de  esta din\u00e1mica donde se ha naturalizado que un sexo domine al otro a la hora de acceder al poder, proponemos la paridad de g\u00e9nero. Esto implica repartir equitativamente el poder entre hombres y mujeres en la composici\u00f3n de las listas de candidatos\/as en todas las categor\u00edas\u201d<\/p>\n<p>\u201cLa  paridad es 50% de varones y mujeres en todos los cargos electivos. Expresando tal como est\u00e1 constituida la sociedad .La distribuci\u00f3n paritaria fortalece y mejora la democracia y especialmente la agenda y el debate parlamentario\u201d<\/p>\n","protected":false},"excerpt":{"rendered":"<p>\u201cLa  paridad es 50% de varones y mujeres en todos los cargos electivos. Expresando tal como est\u00e1 constituida la sociedad .La distribuci\u00f3n paritaria fortalece y mejora la democracia y especialmente la agenda y el debate parlamentario\u201d<\/p>\n","protected":false},"author":2,"featured_media":4131,"comment_status":"closed","ping_status":"closed","sticky":false,"template":"","format":"standard","meta":{"footnotes":""},"categories":[44,47],"tags":[],"class_list":["post-4130","post","type-post","status-publish","format-standard","has-post-thumbnail","hentry","category-actualidad","category-margarita-stolbizer-diputados-nacionales"],"_links":{"self":[{"href":"https:\/\/www.partidogen.org.ar\/web\/wp-json\/wp\/v2\/posts\/4130","targetHints":{"allow":["GET"]}}],"collection":[{"href":"https:\/\/www.partidogen.org.ar\/web\/wp-json\/wp\/v2\/posts"}],"about":[{"href":"https:\/\/www.partidogen.org.ar\/web\/wp-json\/wp\/v2\/types\/post"}],"author":[{"embeddable":true,"href":"https:\/\/www.partidogen.org.ar\/web\/wp-json\/wp\/v2\/users\/2"}],"replies":[{"embeddable":true,"href":"https:\/\/www.partidogen.org.ar\/web\/wp-json\/wp\/v2\/comments?post=4130"}],"version-history":[{"count":0,"href":"https:\/\/www.partidogen.org.ar\/web\/wp-json\/wp\/v2\/posts\/4130\/revisions"}],"wp:featuredmedia":[{"embeddable":true,"href":"https:\/\/www.partidogen.org.ar\/web\/wp-json\/wp\/v2\/media\/4131"}],"wp:attachment":[{"href":"https:\/\/www.partidogen.org.ar\/web\/wp-json\/wp\/v2\/media?parent=4130"}],"wp:term":[{"taxonomy":"category","embeddable":true,"href":"https:\/\/www.partidogen.org.ar\/web\/wp-json\/wp\/v2\/categories?post=4130"},{"taxonomy":"post_tag","embeddable":true,"href":"https:\/\/www.partidogen.org.ar\/web\/wp-json\/wp\/v2\/tags?post=4130"}],"curies":[{"name":"wp","href":"https:\/\/api.w.org\/{rel}","templated":true}]}}