{"id":3583,"date":"2016-05-06T12:28:22","date_gmt":"2016-05-06T15:28:22","guid":{"rendered":"http:\/\/www.partidogen.org.ar\/web\/?p=3583"},"modified":"2016-05-06T16:23:51","modified_gmt":"2016-05-06T19:23:51","slug":"solo-con-la-ley-antidespidos-no-se-soluciona-la-crisis-laboral-que-atraviesa-el-pais","status":"publish","type":"post","link":"https:\/\/www.partidogen.org.ar\/web\/solo-con-la-ley-antidespidos-no-se-soluciona-la-crisis-laboral-que-atraviesa-el-pais\/","title":{"rendered":"S\u00f3lo con la ley antidespidos no se soluciona la crisis laboral que atraviesa el pa\u00eds"},"content":{"rendered":"<p><img loading=\"lazy\" decoding=\"async\" src=\"http:\/\/www.partidogen.org.ar\/web\/wp-content\/uploads\/2016\/05\/438.jpg\" alt=\"Juan Carlos Juarez\" width=\"1232\" height=\"335\" class=\"alignnone size-full wp-image-3584\" srcset=\"https:\/\/www.partidogen.org.ar\/web\/wp-content\/uploads\/2016\/05\/438.jpg 1232w, https:\/\/www.partidogen.org.ar\/web\/wp-content\/uploads\/2016\/05\/438-300x82.jpg 300w, https:\/\/www.partidogen.org.ar\/web\/wp-content\/uploads\/2016\/05\/438-768x209.jpg 768w, https:\/\/www.partidogen.org.ar\/web\/wp-content\/uploads\/2016\/05\/438-1024x278.jpg 1024w, https:\/\/www.partidogen.org.ar\/web\/wp-content\/uploads\/2016\/05\/438-100x27.jpg 100w, https:\/\/www.partidogen.org.ar\/web\/wp-content\/uploads\/2016\/05\/438-150x41.jpg 150w, https:\/\/www.partidogen.org.ar\/web\/wp-content\/uploads\/2016\/05\/438-200x54.jpg 200w, https:\/\/www.partidogen.org.ar\/web\/wp-content\/uploads\/2016\/05\/438-450x122.jpg 450w, https:\/\/www.partidogen.org.ar\/web\/wp-content\/uploads\/2016\/05\/438-600x163.jpg 600w, https:\/\/www.partidogen.org.ar\/web\/wp-content\/uploads\/2016\/05\/438-900x245.jpg 900w\" sizes=\"auto, (max-width: 1232px) 100vw, 1232px\" \/><br \/>\n<strong><span class=\"first\">L<\/span>o asegur\u00f3 Juan Carlos Ju\u00e1rez, Secretario Nacional del GEN, en referencia al proyecto de la norma impulsada por parte de la oposici\u00f3n que busca principalmente prohibir las cesant\u00edas laborales por 180 d\u00edas o una doble indemnizaci\u00f3n para los casos en los que ocurra.<br \/>\n<\/strong><\/p>\n<p>La iniciativa fue aprobada la semana pasada por el Senado pero a\u00fan sigue sin ingresar formalmente a la C\u00e1mara de Diputados.<\/p>\n<p>El referente del espacio que lidera Margarita Stolbizer consider\u00f3 que \u201clo m\u00e1s importante es sostener el trabajo\u201d y en ese sentido destac\u00f3 que \u201ces fundamental defender, con todos los mecanismos posibles, los puestos de empleo existentes\u201d.<\/p>\n<p>Sin embargo, tambi\u00e9n reconoci\u00f3 que \u201cal mismo tiempo, es muy importante fomentar las condiciones para que se generen nuevas fuentes laborales, sobre todo para la franja etaria que va entre los 18 y los 24 a\u00f1os y para los mayores de 40, que son quienes mayores dificultades tienen para acceder al mercado de trabajo\u201d.<\/p>\n<p>Adem\u00e1s manifest\u00f3 que \u201ctodo eso no se soluciona s\u00f3lo con la sanci\u00f3n de una ley, porque es necesario que existan pol\u00edticas fiscales, acciones de incentivo y pol\u00edticas de seguridad jur\u00eddica que permitan mayores inversiones destinadas a la producci\u00f3n en todos los sectores, lo cual generar\u00e1 mayores \u00edndices de empleo\u201d.<\/p>\n<p>Finalmente, Ju\u00e1rez consider\u00f3 que \u201cgenerar esas condiciones es una mera responsabilidad del Gobierno Nacional, porque si no se establecen reglas claras, el mercado se auto regula, y no siempre lo hace en sinton\u00eda con lo que ser\u00eda lo m\u00e1s adecuado para el desarrollo y el crecimiento del pa\u00eds\u201d.<\/p>\n","protected":false},"excerpt":{"rendered":"<p>Lo asegur\u00f3 Juan Carlos Ju\u00e1rez, Secretario Nacional del GEN, en referencia al proyecto de la norma impulsada por parte de la oposici\u00f3n que busca principalmente prohibir las cesant\u00edas laborales por 180 d\u00edas o una doble indemnizaci\u00f3n para los casos en los que ocurra. La iniciativa fue aprobada la semana pasada por el Senado pero a\u00fan [&hellip;]<\/p>\n","protected":false},"author":2,"featured_media":3584,"comment_status":"closed","ping_status":"closed","sticky":false,"template":"","format":"standard","meta":{"footnotes":""},"categories":[44,81,9],"tags":[],"class_list":["post-3583","post","type-post","status-publish","format-standard","has-post-thumbnail","hentry","category-actualidad","category-buenos-aires","category-juan-carlos-juarez"],"_links":{"self":[{"href":"https:\/\/www.partidogen.org.ar\/web\/wp-json\/wp\/v2\/posts\/3583","targetHints":{"allow":["GET"]}}],"collection":[{"href":"https:\/\/www.partidogen.org.ar\/web\/wp-json\/wp\/v2\/posts"}],"about":[{"href":"https:\/\/www.partidogen.org.ar\/web\/wp-json\/wp\/v2\/types\/post"}],"author":[{"embeddable":true,"href":"https:\/\/www.partidogen.org.ar\/web\/wp-json\/wp\/v2\/users\/2"}],"replies":[{"embeddable":true,"href":"https:\/\/www.partidogen.org.ar\/web\/wp-json\/wp\/v2\/comments?post=3583"}],"version-history":[{"count":0,"href":"https:\/\/www.partidogen.org.ar\/web\/wp-json\/wp\/v2\/posts\/3583\/revisions"}],"wp:featuredmedia":[{"embeddable":true,"href":"https:\/\/www.partidogen.org.ar\/web\/wp-json\/wp\/v2\/media\/3584"}],"wp:attachment":[{"href":"https:\/\/www.partidogen.org.ar\/web\/wp-json\/wp\/v2\/media?parent=3583"}],"wp:term":[{"taxonomy":"category","embeddable":true,"href":"https:\/\/www.partidogen.org.ar\/web\/wp-json\/wp\/v2\/categories?post=3583"},{"taxonomy":"post_tag","embeddable":true,"href":"https:\/\/www.partidogen.org.ar\/web\/wp-json\/wp\/v2\/tags?post=3583"}],"curies":[{"name":"wp","href":"https:\/\/api.w.org\/{rel}","templated":true}]}}