{"id":3415,"date":"2016-03-14T20:32:19","date_gmt":"2016-03-14T23:32:19","guid":{"rendered":"http:\/\/www.partidogen.org.ar\/web\/?p=3415"},"modified":"2016-03-18T16:58:17","modified_gmt":"2016-03-18T19:58:17","slug":"stolbizer-y-malcorra-en-el-senado-jornada-sobre-combate-a-drogas","status":"publish","type":"post","link":"https:\/\/www.partidogen.org.ar\/web\/stolbizer-y-malcorra-en-el-senado-jornada-sobre-combate-a-drogas\/","title":{"rendered":"STOLBIZER Y MALCORRA EN EL SENADO, JORNADA SOBRE COMBATE A DROGAS"},"content":{"rendered":"<p><img loading=\"lazy\" decoding=\"async\" src=\"http:\/\/www.partidogen.org.ar\/web\/wp-content\/uploads\/2016\/03\/410.jpg\" alt=\"STOLBIZER Y MALCORRA EN EL SENADO, JORNADA SOBRE COMBATE A DROGAS\" width=\"1232\" height=\"335\" class=\"alignnone size-full wp-image-3416\" srcset=\"https:\/\/www.partidogen.org.ar\/web\/wp-content\/uploads\/2016\/03\/410.jpg 1232w, https:\/\/www.partidogen.org.ar\/web\/wp-content\/uploads\/2016\/03\/410-300x82.jpg 300w, https:\/\/www.partidogen.org.ar\/web\/wp-content\/uploads\/2016\/03\/410-768x209.jpg 768w, https:\/\/www.partidogen.org.ar\/web\/wp-content\/uploads\/2016\/03\/410-1024x278.jpg 1024w, https:\/\/www.partidogen.org.ar\/web\/wp-content\/uploads\/2016\/03\/410-100x27.jpg 100w, https:\/\/www.partidogen.org.ar\/web\/wp-content\/uploads\/2016\/03\/410-150x41.jpg 150w, https:\/\/www.partidogen.org.ar\/web\/wp-content\/uploads\/2016\/03\/410-200x54.jpg 200w, https:\/\/www.partidogen.org.ar\/web\/wp-content\/uploads\/2016\/03\/410-450x122.jpg 450w, https:\/\/www.partidogen.org.ar\/web\/wp-content\/uploads\/2016\/03\/410-600x163.jpg 600w, https:\/\/www.partidogen.org.ar\/web\/wp-content\/uploads\/2016\/03\/410-900x245.jpg 900w\" sizes=\"auto, (max-width: 1232px) 100vw, 1232px\" \/><br \/>\n<strong><span class=\"first\">D<\/span>iputados de diferentes bloque pol\u00edticos llevaron a cabo una jornada de deliberaci\u00f3n sobre el problema mundial de las drogas y la posici\u00f3n Argentina frente a la asamblea de Naciones Unidas<\/strong><\/p>\n<p><strong>Stolbizer:<\/strong> <em>\u00abNo estamos tratando de ir a un debate est\u00e9ril sobre el cuestionamiento frente a lo que fue la guerra contra las drogas versus la regulaci\u00f3n del Estado, se trata de encontrar una visi\u00f3n integral, global, equilibrada y estrat\u00e9gica. El enfoque debe ser multidisciplinario y para eso hemos reunido hoy a los tres poderes del estado para contribuir con un debate urgente y necesario, debiendo poner a las personas y sus derechos como eje central de la pol\u00edtica p\u00fablica.\u00bb<\/em><\/p>\n<p>14 de marzo. La jornada se realiz\u00f3 desde la ma\u00f1ana en el Sal\u00f3n Azul del Senado de la Naci\u00f3n. Luego de la apertura a cargo del Senador Federico Pinedo, la Diputada Margarita Stolbizer como organizadora del evento, hizo la presentaci\u00f3n. \u00abLas convenciones de Naciones Unidas de 1961, 1972 y 1988 son la piedra angular del sistema internacional de fiscalizaci\u00f3n y control de drogas il\u00edcitas. Pero es tiempo de revisar y actualizar estrategias, reconociendo el fracaso que ha significado en todos estos a\u00f1os el aumento de la conflictividad, el consumo, el tr\u00e1fico y la violencia generada por la narcocriminalidad.\u00bb<\/p>\n<p>La pr\u00f3xima Sesi\u00f3n Especial de la Asamblea General de Naciones Unidas que se reunir\u00e1 en abril en Nueva York destinar\u00e1 sus deliberaciones a abordar el problema mundial de las drogas. A fin de participar en la preparaci\u00f3n de la posici\u00f3n Argentina, el Congreso Nacional realiz\u00f3 entonces esta jornada de la que participaron Ministros, legisladores, funcionarios, representantes extranjeros y expertos.<\/p>\n<p>La diputada manifest\u00f3 que \u201cAs\u00ed como el problema de las drogas hoy es tema central en la agenda mundial, tambi\u00e9n debe serlo en Argentina, con una visi\u00f3n integral, t\u00e9cnica, buscando la eficacia de las medidas y no simplemente un impacto ef\u00edmero. El  Congreso tendr\u00e1 durante el a\u00f1o muchos debates sobre esta cuesti\u00f3n, ahora estamos adelantando y acompa\u00f1ando la posici\u00f3n de nuestro pa\u00eds en la pr\u00f3xima Asamblea de la ONU.\u00bb Y agreg\u00f3 que: \u201cla jornada de hoy no se trata solo de un debate parlamentario sino integral. Han participado miembros de la Corte Suprema, el Poder Ejecutivo, legisladores, etc. Venimos de pol\u00edticas err\u00e1ticas y de un Estado que ha ido mostrando contradicciones. Hay un debate que cruza el problema del narcotr\u00e1fico y es el de la corrupci\u00f3n .Ahi debe tambi\u00e9n, estar el compromiso de todas las fuerzas pol\u00edticas\u201d.<\/p>\n<p>Durante la tarde, Stolbizer present\u00f3 a la Ministra de Relaciones Internacionales, Ingeniera Susana Malcorra. La canciller se\u00f1al\u00f3 en su intervenci\u00f3n que: \u201csolo con una visi\u00f3n global y abarcativa se puede abordar el tema de la droga. Los derechos humanos tienen que estar en el centro del asunto. El ataque a las drogas debe ser una responsabilidad compartida con la regi\u00f3n y con el mundo. El narcotr\u00e1fico tiene vinculaci\u00f3n con el financiamiento de grupos extremistas. Nuestra prioridad es el ataque al narcotr\u00e1fico pero tambi\u00e9n la protecci\u00f3n y prevenci\u00f3n en los consumidores. Debemos cruzar informaci\u00f3n con los otros pa\u00edses y ocuparnos tambi\u00e9n del financiamiento y el blanqueo de dinero. All\u00ed radica la b\u00fasqueda de una soluci\u00f3n\u201d.<\/p>\n<p>Del encuentro participaron adem\u00e1s, el Presidente de la Corte Suprema de Justicia de la Naci\u00f3n Dr Ricardo Lorenzetti, los Ministros de Seguridad Patricia Bullrich; de Justicia Germ\u00e1n Garavano. El Coordinador de Naciones Unidas en Argentina Ren\u00e9 Valdez; el experto Juan Tokatlian,, el Ministro de Salud de Jujuy Dr. Mario Fiad y el titular de la Sedronar Roberto Moro.<\/p>\n<p>Asimismo el Monse\u00f1or Jorge Lozano por la Comisi\u00f3n Episcopal de la Pastoral Social, present\u00f3 el documento firmado por todas las fuerzas pol\u00edticas  denominado \u00abLineamientos b\u00e1sicos para la implementaci\u00f3n de pol\u00edticas p\u00fablicas sobre el consumo de drogas y contra el narcotr\u00e1fico.\u00bb<br \/>\nTambi\u00e9n estuvieron presentes los legisladores que forman parte del grupo parlamentario participante en la audiencia de naciones unidas, diputados Maria Gabriela Burgos, Eduardo Amadeo, Alejandro Grandinetti, Guillermo Snopek.<br \/>\n[wpsgallery]<br \/>\nFOTOS: PRENSA STOLBIZER<\/p>\n","protected":false},"excerpt":{"rendered":"<p>Diputados de diferentes bloque pol\u00edticos llevaron a cabo una jornada de deliberaci\u00f3n sobre el problema mundial de las drogas y la posici\u00f3n Argentina frente a la asamblea de Naciones Unidas Stolbizer: \u00abNo estamos tratando de ir a un debate est\u00e9ril sobre el cuestionamiento frente a lo que fue la guerra contra las drogas versus la [&hellip;]<\/p>\n","protected":false},"author":2,"featured_media":3416,"comment_status":"closed","ping_status":"closed","sticky":false,"template":"","format":"standard","meta":{"footnotes":""},"categories":[44,47],"tags":[],"class_list":["post-3415","post","type-post","status-publish","format-standard","has-post-thumbnail","hentry","category-actualidad","category-margarita-stolbizer-diputados-nacionales"],"_links":{"self":[{"href":"https:\/\/www.partidogen.org.ar\/web\/wp-json\/wp\/v2\/posts\/3415","targetHints":{"allow":["GET"]}}],"collection":[{"href":"https:\/\/www.partidogen.org.ar\/web\/wp-json\/wp\/v2\/posts"}],"about":[{"href":"https:\/\/www.partidogen.org.ar\/web\/wp-json\/wp\/v2\/types\/post"}],"author":[{"embeddable":true,"href":"https:\/\/www.partidogen.org.ar\/web\/wp-json\/wp\/v2\/users\/2"}],"replies":[{"embeddable":true,"href":"https:\/\/www.partidogen.org.ar\/web\/wp-json\/wp\/v2\/comments?post=3415"}],"version-history":[{"count":0,"href":"https:\/\/www.partidogen.org.ar\/web\/wp-json\/wp\/v2\/posts\/3415\/revisions"}],"wp:featuredmedia":[{"embeddable":true,"href":"https:\/\/www.partidogen.org.ar\/web\/wp-json\/wp\/v2\/media\/3416"}],"wp:attachment":[{"href":"https:\/\/www.partidogen.org.ar\/web\/wp-json\/wp\/v2\/media?parent=3415"}],"wp:term":[{"taxonomy":"category","embeddable":true,"href":"https:\/\/www.partidogen.org.ar\/web\/wp-json\/wp\/v2\/categories?post=3415"},{"taxonomy":"post_tag","embeddable":true,"href":"https:\/\/www.partidogen.org.ar\/web\/wp-json\/wp\/v2\/tags?post=3415"}],"curies":[{"name":"wp","href":"https:\/\/api.w.org\/{rel}","templated":true}]}}