{"id":3396,"date":"2016-03-10T13:04:58","date_gmt":"2016-03-10T16:04:58","guid":{"rendered":"http:\/\/www.partidogen.org.ar\/web\/?p=3396"},"modified":"2016-03-13T12:42:38","modified_gmt":"2016-03-13T15:42:38","slug":"atentar-la-actividad-de-un-partido-politico-es-atentar-el-corazon-de-la-democracia","status":"publish","type":"post","link":"https:\/\/www.partidogen.org.ar\/web\/atentar-la-actividad-de-un-partido-politico-es-atentar-el-corazon-de-la-democracia\/","title":{"rendered":"ATENTAR LA ACTIVIDAD DE UN PARTIDO POL\u00cdTICO ES ATENTAR EL CORAZ\u00d3N DE LA DEMOCRACIA"},"content":{"rendered":"<p><img loading=\"lazy\" decoding=\"async\" src=\"http:\/\/www.partidogen.org.ar\/web\/wp-content\/uploads\/2016\/03\/407.jpg\" alt=\"Juan Carlos Juarez\" width=\"1232\" height=\"335\" class=\"alignnone size-full wp-image-3397\" srcset=\"https:\/\/www.partidogen.org.ar\/web\/wp-content\/uploads\/2016\/03\/407.jpg 1232w, https:\/\/www.partidogen.org.ar\/web\/wp-content\/uploads\/2016\/03\/407-300x82.jpg 300w, https:\/\/www.partidogen.org.ar\/web\/wp-content\/uploads\/2016\/03\/407-768x209.jpg 768w, https:\/\/www.partidogen.org.ar\/web\/wp-content\/uploads\/2016\/03\/407-1024x278.jpg 1024w, https:\/\/www.partidogen.org.ar\/web\/wp-content\/uploads\/2016\/03\/407-100x27.jpg 100w, https:\/\/www.partidogen.org.ar\/web\/wp-content\/uploads\/2016\/03\/407-150x41.jpg 150w, https:\/\/www.partidogen.org.ar\/web\/wp-content\/uploads\/2016\/03\/407-200x54.jpg 200w, https:\/\/www.partidogen.org.ar\/web\/wp-content\/uploads\/2016\/03\/407-450x122.jpg 450w, https:\/\/www.partidogen.org.ar\/web\/wp-content\/uploads\/2016\/03\/407-600x163.jpg 600w, https:\/\/www.partidogen.org.ar\/web\/wp-content\/uploads\/2016\/03\/407-900x245.jpg 900w\" sizes=\"auto, (max-width: 1232px) 100vw, 1232px\" \/><br \/>\n<strong><span class=\"first\">L<\/span>o afirm\u00f3 el Diputado (MC) Juan Carlos Ju\u00e1rez, en repudio a los atentados sufridos durante el fin de semana en dos espacios pol\u00edticos ligados a la militancia del Frente para la Victoria. El ataque a los locales de La C\u00e1mpora en Mar del Plata y de Nuevo Encuentro en Villa Crespo, que termin\u00f3 con dos militantes heridas por impacto de balas de plomo, genera un fuerte rechazo de todo el arco pol\u00edtico.<\/strong><\/p>\n<p>Al respecto, el Secretario Nacional del GEN manifest\u00f3 que \u201cesos hechos se inscriben en actos delictivos\u201d y agreg\u00f3 que \u201cnadie que tenga una conducta de esas caracter\u00edsticas puede estar ligado a la pol\u00edtica bajo ning\u00fan punto de vista\u201d.<\/p>\n<p>En ese sentido, consider\u00f3 que \u201cel r\u00e1pido esclarecimiento y la detenci\u00f3n de los autores de esos ataques es imperiosa para eliminar cualquier sospecha o suspicacia alrededor de la situaci\u00f3n\u201d.<\/p>\n<p>A su vez, Ju\u00e1rez asegur\u00f3 que \u201cla violencia hay que rechazarla desde todos los \u00e1ngulos porque no debe ser admisible que ocurran hechos tales, y mucho menos, que queden impunes\u201d.<\/p>\n<p>En consecuencia, reclam\u00f3 que \u201cla justicia y los organismos de seguridad deben poner a disposici\u00f3n todos los mecanismos que la ley prev\u00e9 para que esos ataques se diluciden lo m\u00e1s r\u00e1pido posible\u201d porque dijo que \u201clo m\u00e1s grave es que uno sabe c\u00f3mo comienzan este tipo de agresiones pero nunca c\u00f3mo pueden terminar\u201d.<\/p>\n<p>Reiter\u00f3 que \u201clos violentos no pueden pertenecer activamente a ning\u00fan partido pol\u00edtico ni de ninguna instituci\u00f3n en Argentina\u201d porque argument\u00f3 que \u201clas actitudes violentas generadas desde diversos sectores ya se han pagado muy caro en el pasado, concluyendo con una dictadura atroz\u201d.<\/p>\n<p>Finalmente Ju\u00e1rez concluy\u00f3 reiterando que \u201catentar contra un espacio pol\u00edtico es golpear directamente sobre la esencia misma de la democracia\u201d.<\/p>\n","protected":false},"excerpt":{"rendered":"<p>Lo afirm\u00f3 el Diputado (MC) Juan Carlos Ju\u00e1rez, en repudio a los atentados sufridos durante el fin de semana en dos espacios pol\u00edticos ligados a la militancia del Frente para la Victoria. El ataque a los locales de La C\u00e1mpora en Mar del Plata y de Nuevo Encuentro en Villa Crespo, que termin\u00f3 con dos [&hellip;]<\/p>\n","protected":false},"author":2,"featured_media":3397,"comment_status":"closed","ping_status":"closed","sticky":false,"template":"","format":"standard","meta":{"footnotes":""},"categories":[44,81,9],"tags":[],"class_list":["post-3396","post","type-post","status-publish","format-standard","has-post-thumbnail","hentry","category-actualidad","category-buenos-aires","category-juan-carlos-juarez"],"_links":{"self":[{"href":"https:\/\/www.partidogen.org.ar\/web\/wp-json\/wp\/v2\/posts\/3396","targetHints":{"allow":["GET"]}}],"collection":[{"href":"https:\/\/www.partidogen.org.ar\/web\/wp-json\/wp\/v2\/posts"}],"about":[{"href":"https:\/\/www.partidogen.org.ar\/web\/wp-json\/wp\/v2\/types\/post"}],"author":[{"embeddable":true,"href":"https:\/\/www.partidogen.org.ar\/web\/wp-json\/wp\/v2\/users\/2"}],"replies":[{"embeddable":true,"href":"https:\/\/www.partidogen.org.ar\/web\/wp-json\/wp\/v2\/comments?post=3396"}],"version-history":[{"count":0,"href":"https:\/\/www.partidogen.org.ar\/web\/wp-json\/wp\/v2\/posts\/3396\/revisions"}],"wp:featuredmedia":[{"embeddable":true,"href":"https:\/\/www.partidogen.org.ar\/web\/wp-json\/wp\/v2\/media\/3397"}],"wp:attachment":[{"href":"https:\/\/www.partidogen.org.ar\/web\/wp-json\/wp\/v2\/media?parent=3396"}],"wp:term":[{"taxonomy":"category","embeddable":true,"href":"https:\/\/www.partidogen.org.ar\/web\/wp-json\/wp\/v2\/categories?post=3396"},{"taxonomy":"post_tag","embeddable":true,"href":"https:\/\/www.partidogen.org.ar\/web\/wp-json\/wp\/v2\/tags?post=3396"}],"curies":[{"name":"wp","href":"https:\/\/api.w.org\/{rel}","templated":true}]}}