{"id":3225,"date":"2015-10-22T19:31:37","date_gmt":"2015-10-22T22:31:37","guid":{"rendered":"http:\/\/www.partidogen.org.ar\/web\/?p=3225"},"modified":"2015-11-17T20:02:41","modified_gmt":"2015-11-17T23:02:41","slug":"stolbizer-los-argentinos-queremos-poder-elegir-positivamente","status":"publish","type":"post","link":"https:\/\/www.partidogen.org.ar\/web\/stolbizer-los-argentinos-queremos-poder-elegir-positivamente\/","title":{"rendered":"Stolbizer: \u00abLos argentinos queremos poder elegir positivamente\u00bb"},"content":{"rendered":"<p><img loading=\"lazy\" decoding=\"async\" src=\"http:\/\/www.partidogen.org.ar\/web\/wp-content\/uploads\/2015\/10\/424.jpg\" alt=\"Margarita Stolbizer\" width=\"526\" height=\"370\" class=\"alignright size-full wp-image-3236\" srcset=\"https:\/\/www.partidogen.org.ar\/web\/wp-content\/uploads\/2015\/10\/424.jpg 526w, https:\/\/www.partidogen.org.ar\/web\/wp-content\/uploads\/2015\/10\/424-300x211.jpg 300w, https:\/\/www.partidogen.org.ar\/web\/wp-content\/uploads\/2015\/10\/424-100x70.jpg 100w, https:\/\/www.partidogen.org.ar\/web\/wp-content\/uploads\/2015\/10\/424-150x105.jpg 150w, https:\/\/www.partidogen.org.ar\/web\/wp-content\/uploads\/2015\/10\/424-200x140.jpg 200w, https:\/\/www.partidogen.org.ar\/web\/wp-content\/uploads\/2015\/10\/424-450x316.jpg 450w\" sizes=\"auto, (max-width: 526px) 100vw, 526px\" \/><br \/>\n22\/10\/2015.<br \/>\n<strong><span class=\"first\">E<\/span>n la sala Pablo Neruda del Complejo La Plaza de la Ciudad de Buenos Aires ante un auditorio colmado, la candidata a Presidenta de la Naci\u00f3n por PROGRESISTAS, Margarita Stolbizer, cerr\u00f3 la campa\u00f1a.<\/strong><\/p>\n<p>Visiblemente emocionada agradeci\u00f3 las muestras de afecto recibidas  durante estos meses en todas partes del pa\u00eds, a la militancia y su familia. Desde las primeras filas la observaban, su compa\u00f1ero de f\u00f3rmula Miguel Olaviaga, Hermes Binner, Miguel lifschitz y Antonio Bonfatti. Tambi\u00e9n Victoria Donda y Omar Ducl\u00f3s que encabezan la lista de diputados nacionales de CABA y PBA y un gran n\u00famero de dirigentes: Miguel Garrido, Roy Cortina, Humberto Tumini, Mario Mazzitelli, entre otros.<\/p>\n<p>Evoc\u00f3 a Raul Alfons\u00edn, \u00abfue el gran inspirador\u00bb y el responsable de muchas de las libertades que hemos conquistado.<\/p>\n<p>A lo largo del discurso uso la expresi\u00f3n del espejo, para explicar la consiga de <strong>\u00abEL VOTO GANADO\u00bb<\/strong> que levanta  la campa\u00f1a. \u00abMuchas veces me siento el espejo de los que luchan por la transparencia, por la justicia independiente y por las instituciones\u00bb.<\/p>\n<p>\u00abRecorrimos muchas ciudades y pueblos y en cada ciudadano, en cada maestro, peque\u00f1o chacarero, cooperativista, en los j\u00f3venes, nos vimos reflejados en la voluntad de compartir y construir una esperanza. Es un espejo para nosotros  Santa Fe, con una gran gesti\u00f3n\u00bb.<\/p>\n<p>Record\u00f3 que la semana pasada cuando estuvo en el <a href=\"http:\/\/margaritastolbizer.com.ar\/margarita-stolbizer-en-coloquio-idea-2015\/\" target=\"_blank\">Coloquio de IDEA<\/a> mientras los dem\u00e1s candidatos fueron a prometer rebaja de impuestos y a cantarle m\u00fasica a los o\u00eddos de los empresarios yo fui a convocarlos a una agenda com\u00fan contra la pobreza y la infancia indigente\u00bb.<\/p>\n<p>Rescat\u00f3 que el espacio Progresista que lidera ha dado muestras de coherencia \u00abpor eso pudimos empezar el acto escuchando el pre\u00e1mbulo de la Constituci\u00f3n recitado por Alfons\u00edn\u00bb.<\/p>\n<p>Critic\u00f3 a quienes hablan de voto \u00fatil que excluye a todos aquellos que deciden votar por sus convicciones y por la positiva. \u00ab\u00bfDe qu\u00e9 nos tratan; de \u00ednutiles entonces a quienes votamos con libertad y honrando la democracia?\u00bb.<\/p>\n<p>Stolbizer se\u00f1al\u00f3 que necesitamos un pa\u00eds de brazos abiertos, no de pu\u00f1os cerrados. Tenemos que trabajar para reconstruir esa grieta que nos dividi\u00f3. Hay que entender que no nos va bien cuando dejamos los valores a un costado.<\/p>\n<p>Los grandes edificios tiene una pieza que se llama Alma (viga o pieza sobre la que se levanta el edificio) vamos a seguir adelante con cualquier resultado que tengamos el domingo. Porque en este espacio progresista que construimos tenemos Alma.<\/p>\n<p><strong>En alguno momento argentina tiene que recuperarse, estaremos los PROGRESISTAS construyendo.<\/strong><\/p>\n<p>[wpsgallery]<br \/>\nFOTOS: PRENSA STOLBIZER<\/p>\n<p><iframe loading=\"lazy\" width=\"560\" height=\"315\" src=\"https:\/\/www.youtube.com\/embed\/wwIbOzSi-ZM\" frameborder=\"0\" allowfullscreen><\/iframe><\/p>\n","protected":false},"excerpt":{"rendered":"<p>En la sala Pablo Neruda del Complejo La Plaza de la Ciudad de Buenos Aires ante un auditorio colmado, la candidata a Presidenta de la Naci\u00f3n por PROGRESISTAS, Margarita Stolbizer, cerr\u00f3 la campa\u00f1a. \u00abLlegamos hasta ac\u00e1 porque tenemos alma\u00bb. <\/p>\n","protected":false},"author":2,"featured_media":3226,"comment_status":"closed","ping_status":"closed","sticky":false,"template":"","format":"standard","meta":{"footnotes":""},"categories":[44,95,47],"tags":[],"class_list":["post-3225","post","type-post","status-publish","format-standard","has-post-thumbnail","hentry","category-actualidad","category-campana-presidencial-2015","category-margarita-stolbizer-diputados-nacionales"],"_links":{"self":[{"href":"https:\/\/www.partidogen.org.ar\/web\/wp-json\/wp\/v2\/posts\/3225","targetHints":{"allow":["GET"]}}],"collection":[{"href":"https:\/\/www.partidogen.org.ar\/web\/wp-json\/wp\/v2\/posts"}],"about":[{"href":"https:\/\/www.partidogen.org.ar\/web\/wp-json\/wp\/v2\/types\/post"}],"author":[{"embeddable":true,"href":"https:\/\/www.partidogen.org.ar\/web\/wp-json\/wp\/v2\/users\/2"}],"replies":[{"embeddable":true,"href":"https:\/\/www.partidogen.org.ar\/web\/wp-json\/wp\/v2\/comments?post=3225"}],"version-history":[{"count":0,"href":"https:\/\/www.partidogen.org.ar\/web\/wp-json\/wp\/v2\/posts\/3225\/revisions"}],"wp:featuredmedia":[{"embeddable":true,"href":"https:\/\/www.partidogen.org.ar\/web\/wp-json\/wp\/v2\/media\/3226"}],"wp:attachment":[{"href":"https:\/\/www.partidogen.org.ar\/web\/wp-json\/wp\/v2\/media?parent=3225"}],"wp:term":[{"taxonomy":"category","embeddable":true,"href":"https:\/\/www.partidogen.org.ar\/web\/wp-json\/wp\/v2\/categories?post=3225"},{"taxonomy":"post_tag","embeddable":true,"href":"https:\/\/www.partidogen.org.ar\/web\/wp-json\/wp\/v2\/tags?post=3225"}],"curies":[{"name":"wp","href":"https:\/\/api.w.org\/{rel}","templated":true}]}}