{"id":3185,"date":"2015-10-18T13:27:37","date_gmt":"2015-10-18T16:27:37","guid":{"rendered":"http:\/\/www.partidogen.org.ar\/web\/?p=3185"},"modified":"2015-10-21T17:07:18","modified_gmt":"2015-10-21T20:07:18","slug":"somos-una-fuerza-progresista-que-viene-a-plantarse-frente-al-abuso-el-ajuste-y-la-corrupcion","status":"publish","type":"post","link":"https:\/\/www.partidogen.org.ar\/web\/somos-una-fuerza-progresista-que-viene-a-plantarse-frente-al-abuso-el-ajuste-y-la-corrupcion\/","title":{"rendered":"\u00abSomos una fuerza progresista que viene a plantarse frente al abuso, el ajuste y la corrupci\u00f3n\u00bb"},"content":{"rendered":"<p><img loading=\"lazy\" decoding=\"async\" src=\"http:\/\/www.partidogen.org.ar\/web\/wp-content\/uploads\/2015\/10\/379.jpg\" alt=\"Stolbizer  cerr\u00f3 la campa\u00f1a de Provincia de Buenos Aires con un Festival por la igualdad\" width=\"1232\" height=\"335\" class=\"alignnone size-full wp-image-3186\" srcset=\"https:\/\/www.partidogen.org.ar\/web\/wp-content\/uploads\/2015\/10\/379.jpg 1232w, https:\/\/www.partidogen.org.ar\/web\/wp-content\/uploads\/2015\/10\/379-300x81.jpg 300w, https:\/\/www.partidogen.org.ar\/web\/wp-content\/uploads\/2015\/10\/379-1024x278.jpg 1024w, https:\/\/www.partidogen.org.ar\/web\/wp-content\/uploads\/2015\/10\/379-100x27.jpg 100w, https:\/\/www.partidogen.org.ar\/web\/wp-content\/uploads\/2015\/10\/379-150x40.jpg 150w, https:\/\/www.partidogen.org.ar\/web\/wp-content\/uploads\/2015\/10\/379-200x54.jpg 200w, https:\/\/www.partidogen.org.ar\/web\/wp-content\/uploads\/2015\/10\/379-450x122.jpg 450w, https:\/\/www.partidogen.org.ar\/web\/wp-content\/uploads\/2015\/10\/379-600x163.jpg 600w, https:\/\/www.partidogen.org.ar\/web\/wp-content\/uploads\/2015\/10\/379-900x244.jpg 900w\" sizes=\"auto, (max-width: 1232px) 100vw, 1232px\" \/><br \/>\n17\/10\/2015.<br \/>\n<strong><span class=\"first\">L<\/span>a candidata a Presidenta de la Naci\u00f3n, Margarita Stolbizer junto a Jaime Linares &#8211; Candidato Gobernador, Gast\u00f3n Crespo &#8211; candidato intendente de La Plata, y los candidatos a diputados nacionales Omar Ducl\u00f3s, Jorge Ceballos y Gladys Villalbal hicieron el cierre de campa\u00f1a de provincia de Buenos Aires con un festival al aire libre. Gazebos tem\u00e1ticos reun\u00edan a los vecinos que se acercaron, con los equipos t\u00e9cnicos para conversar sobre las propuestas del espacio. Cada uno abordaba un tema: desarrollo econ\u00f3mico, justicia, educaci\u00f3n e infancia, seguridad y derechos humanos.<\/strong><\/p>\n<p>Tras la recorrida por cada uno, se pod\u00eda disfrutar de diferentes grupos musicales que tocaron en vivo.<br \/>\nA media tarde, Stolbizer subi\u00f3 al escenario y cerr\u00f3 la jornada expresando que \u00abTerminamos la campa\u00f1a con alegr\u00eda, defendiendo principios, ideas y valores\u00bb.<\/p>\n<p>\u00abNo hay posibilidad de desarrollo ni de progreso si eso implica el costo de la salud y de la vida de las personas. No solamente forma parte para nosotros de un compromiso de gesti\u00f3n y de gobierno, sino que es el compromiso humano de estar donde deb\u00edamos estar\u00bb.<\/p>\n<p>\u00abLa  pol\u00edtica se ha deshumanizado, reemplazada por las estrategias de marketing, perdi\u00f3 la capacidad y la voluntad de escuchar y de sentir como sienten los que sufren\u00bb.<\/p>\n<p>\u00abNo tenemos fecha de vencimiento, sabemos que m\u00e1s que nunca despu\u00e9s del 25 de octubre si cualquiera de los tres conservadores que se presentan ganaran la elecci\u00f3n con mucha m\u00e1s raz\u00f3n ser\u00e1 necesaria una fuerza progresista que se plante frente a los riesgos del abuso, del ajuste, de las tentaciones permanentes que tienen los que llegan desde posiciones reaccionarias\u00bb.<\/p>\n<p>\u00abLa cultura pol\u00edtica es el conjunto de principios y valores que nos da identidad, debemos pensar en la construcci\u00f3n hacia adelante. Seguiremos estando juntos. No hemos conformado este frente con el mero desaf\u00edo electoral, hemos conformado este frente como una fuerza que se tiene que convertir en la Argentina como una referencia del sentido humano y \u00e9tico que tiene que tener la pol\u00edtica. Y eso no tiene vencimiento\u00bb.<\/p>\n<p>\u00abLa democracia en la Argentina tiene un sue\u00f1o pendiente, es una democracia sin ladrones, sin corruptos, sin bolsones para los pobres, sin inundados. Necesitamos trabajar para hacer realidad ese sue\u00f1o pendiente de la Argentina\u00bb.<\/p>\n<p>LOS OTROS CIERRES. EL LUNES CERRAR\u00c1 LA CAMPA\u00d1A DEL INTERIOR EN LA PROVINCIA DE C\u00d3RDOBA Y  EL JUEVES SER\u00c1 EL CIERRE NACIONAL EN EL PASEO LA PLAZA -CABA-<\/p>\n<p>[wpsgallery]<\/p>\n","protected":false},"excerpt":{"rendered":"<p>Stolbizer  cerr\u00f3 la campa\u00f1a de Provincia de Buenos Aires con un Festival por la igualdad. Fue en la Plaza Islas Malvinas de La Plata<\/p>\n","protected":false},"author":2,"featured_media":3186,"comment_status":"closed","ping_status":"closed","sticky":false,"template":"","format":"standard","meta":{"footnotes":""},"categories":[44,95,49,47],"tags":[],"class_list":["post-3185","post","type-post","status-publish","format-standard","has-post-thumbnail","hentry","category-actualidad","category-campana-presidencial-2015","category-jaime-linares","category-margarita-stolbizer-diputados-nacionales"],"_links":{"self":[{"href":"https:\/\/www.partidogen.org.ar\/web\/wp-json\/wp\/v2\/posts\/3185","targetHints":{"allow":["GET"]}}],"collection":[{"href":"https:\/\/www.partidogen.org.ar\/web\/wp-json\/wp\/v2\/posts"}],"about":[{"href":"https:\/\/www.partidogen.org.ar\/web\/wp-json\/wp\/v2\/types\/post"}],"author":[{"embeddable":true,"href":"https:\/\/www.partidogen.org.ar\/web\/wp-json\/wp\/v2\/users\/2"}],"replies":[{"embeddable":true,"href":"https:\/\/www.partidogen.org.ar\/web\/wp-json\/wp\/v2\/comments?post=3185"}],"version-history":[{"count":0,"href":"https:\/\/www.partidogen.org.ar\/web\/wp-json\/wp\/v2\/posts\/3185\/revisions"}],"wp:featuredmedia":[{"embeddable":true,"href":"https:\/\/www.partidogen.org.ar\/web\/wp-json\/wp\/v2\/media\/3186"}],"wp:attachment":[{"href":"https:\/\/www.partidogen.org.ar\/web\/wp-json\/wp\/v2\/media?parent=3185"}],"wp:term":[{"taxonomy":"category","embeddable":true,"href":"https:\/\/www.partidogen.org.ar\/web\/wp-json\/wp\/v2\/categories?post=3185"},{"taxonomy":"post_tag","embeddable":true,"href":"https:\/\/www.partidogen.org.ar\/web\/wp-json\/wp\/v2\/tags?post=3185"}],"curies":[{"name":"wp","href":"https:\/\/api.w.org\/{rel}","templated":true}]}}