{"id":3142,"date":"2015-10-13T17:58:42","date_gmt":"2015-10-13T20:58:42","guid":{"rendered":"http:\/\/www.partidogen.org.ar\/web\/?p=3142"},"modified":"2015-10-15T13:45:36","modified_gmt":"2015-10-15T16:45:36","slug":"stolbizer-en-santa-fe-propuso-un-gabinete-joven","status":"publish","type":"post","link":"https:\/\/www.partidogen.org.ar\/web\/stolbizer-en-santa-fe-propuso-un-gabinete-joven\/","title":{"rendered":"STOLBIZER EN SANTA FE PROPUSO UN GABINETE JOVEN"},"content":{"rendered":"<p><img loading=\"lazy\" decoding=\"async\" src=\"http:\/\/www.partidogen.org.ar\/web\/wp-content\/uploads\/2015\/10\/371.jpg\" alt=\"STOLBIZER EN SANTA FE PROPUSO UN GABINETE JOVEN\" width=\"1232\" height=\"335\" class=\"alignnone size-full wp-image-3143\" srcset=\"https:\/\/www.partidogen.org.ar\/web\/wp-content\/uploads\/2015\/10\/371.jpg 1232w, https:\/\/www.partidogen.org.ar\/web\/wp-content\/uploads\/2015\/10\/371-300x81.jpg 300w, https:\/\/www.partidogen.org.ar\/web\/wp-content\/uploads\/2015\/10\/371-1024x278.jpg 1024w, https:\/\/www.partidogen.org.ar\/web\/wp-content\/uploads\/2015\/10\/371-100x27.jpg 100w, https:\/\/www.partidogen.org.ar\/web\/wp-content\/uploads\/2015\/10\/371-150x40.jpg 150w, https:\/\/www.partidogen.org.ar\/web\/wp-content\/uploads\/2015\/10\/371-200x54.jpg 200w, https:\/\/www.partidogen.org.ar\/web\/wp-content\/uploads\/2015\/10\/371-450x122.jpg 450w, https:\/\/www.partidogen.org.ar\/web\/wp-content\/uploads\/2015\/10\/371-600x163.jpg 600w, https:\/\/www.partidogen.org.ar\/web\/wp-content\/uploads\/2015\/10\/371-900x244.jpg 900w\" sizes=\"auto, (max-width: 1232px) 100vw, 1232px\" \/><br \/>\n<strong><span class=\"first\">L<\/span>a candidata a Presidenta de PROGRESISTAS estuvo hoy en Santa F\u00e9, ma\u00f1ana estar\u00e1 en Bah\u00eda Blanca, el  jueves y viernes en Mar del Plata, donde participar\u00e1 del Coloquio IDEA.<\/strong><\/p>\n<p>Mantuvo una reuni\u00f3n con el Vicegobernador Jorge Henn, quien est\u00e1 a cargo de la gobernaci\u00f3n porque el gobernador Bonfatti se encuentra de viaje. <\/p>\n<p>Henn es radical y es el primero que apoy\u00f3 la candidatura de Stolbizer. Tambi\u00e9n estuvo Hermes Binner y Juan Carlos Zabalza as\u00ed como miembros del gobierno santafesino.Tras este encuentro, se realiz\u00f3 otro con el gabinete joven, all\u00ed la candidata formul\u00f3 su propuesta:<\/p>\n<p>\u00abLos j\u00f3venes deben dejar de ser vistos como meros beneficiarios de las pol\u00edticas o como potenciales votantes de un determinado proyecto, para ser incluidos de manera activa, efectiva y participativa en el dise\u00f1o de las pol\u00edticas p\u00fablicas. Vamos a constituir un Gabinete Joven en nivel nacional, que exprese el federalismo como marca de gesti\u00f3n, incluyendo a j\u00f3venes de todas las provincias. Es una propuesta innovadora y que expresa el ideario del progresismo en la b\u00fasqueda de la igualdad.\u00bb<\/p>\n<p>\u00abLas nuevas generaciones son un sector estrat\u00e9gico para pensar el proyecto de pa\u00eds y el plan de desarrollo para que todas las personas puedan tener garantizados sus derechos en igualdad de condiciones y posibilidades. Los j\u00f3venes se integrar\u00e1n a la vida ministerial para incorporar la perspectiva juvenil en cada \u00e1rea del gobierno y la integralidad de las pol\u00edticas que los tienen como sujetos. <\/p>\n<p>Los objetivos de este Gabinete joven para el gobierno nacional de Progresistas son:<\/p>\n<p><strong>a)<\/strong> Constituir un espacio de formaci\u00f3n de cuadros juveniles en experiencias de gesti\u00f3n para la promoci\u00f3n de estos en la acci\u00f3n pol\u00edtica y en la gesti\u00f3n de gobierno.<\/p>\n<p><strong>b)<\/strong> Incorporar la perspectiva juvenil en todas las \u00e1reas de gobierno, y con capacidad para participar e incidir en la toma de decisiones.<\/p>\n<p><strong>c)<\/strong> Construir espacios de interacci\u00f3n social, con la ciudadan\u00eda y con las organizaciones sociales.\u00bb<\/p>\n<p>[wpsgallery]<\/p>\n","protected":false},"excerpt":{"rendered":"<p>La candidata a Presidenta de Progresistas estuvo hoy en Santa F\u00e9, mantuvo una reuni\u00f3n con el vicegobernador Jorge Henn, quien est\u00e1 a cargo de la gobernaci\u00f3n porque el gobernador Bonfatti se encuentra de viaje. <\/p>\n","protected":false},"author":2,"featured_media":3143,"comment_status":"closed","ping_status":"closed","sticky":false,"template":"","format":"standard","meta":{"footnotes":""},"categories":[44,95],"tags":[],"class_list":["post-3142","post","type-post","status-publish","format-standard","has-post-thumbnail","hentry","category-actualidad","category-campana-presidencial-2015"],"_links":{"self":[{"href":"https:\/\/www.partidogen.org.ar\/web\/wp-json\/wp\/v2\/posts\/3142","targetHints":{"allow":["GET"]}}],"collection":[{"href":"https:\/\/www.partidogen.org.ar\/web\/wp-json\/wp\/v2\/posts"}],"about":[{"href":"https:\/\/www.partidogen.org.ar\/web\/wp-json\/wp\/v2\/types\/post"}],"author":[{"embeddable":true,"href":"https:\/\/www.partidogen.org.ar\/web\/wp-json\/wp\/v2\/users\/2"}],"replies":[{"embeddable":true,"href":"https:\/\/www.partidogen.org.ar\/web\/wp-json\/wp\/v2\/comments?post=3142"}],"version-history":[{"count":0,"href":"https:\/\/www.partidogen.org.ar\/web\/wp-json\/wp\/v2\/posts\/3142\/revisions"}],"wp:featuredmedia":[{"embeddable":true,"href":"https:\/\/www.partidogen.org.ar\/web\/wp-json\/wp\/v2\/media\/3143"}],"wp:attachment":[{"href":"https:\/\/www.partidogen.org.ar\/web\/wp-json\/wp\/v2\/media?parent=3142"}],"wp:term":[{"taxonomy":"category","embeddable":true,"href":"https:\/\/www.partidogen.org.ar\/web\/wp-json\/wp\/v2\/categories?post=3142"},{"taxonomy":"post_tag","embeddable":true,"href":"https:\/\/www.partidogen.org.ar\/web\/wp-json\/wp\/v2\/tags?post=3142"}],"curies":[{"name":"wp","href":"https:\/\/api.w.org\/{rel}","templated":true}]}}