{"id":3112,"date":"2015-10-09T17:26:39","date_gmt":"2015-10-09T20:26:39","guid":{"rendered":"http:\/\/www.partidogen.org.ar\/web\/?p=3112"},"modified":"2015-10-13T18:21:18","modified_gmt":"2015-10-13T21:21:18","slug":"stolbizer-y-bonfatti-en-bariloche","status":"publish","type":"post","link":"https:\/\/www.partidogen.org.ar\/web\/stolbizer-y-bonfatti-en-bariloche\/","title":{"rendered":"STOLBIZER Y BONFATTI EN BARILOCHE"},"content":{"rendered":"<p><img loading=\"lazy\" decoding=\"async\" src=\"http:\/\/www.partidogen.org.ar\/web\/wp-content\/uploads\/2015\/10\/368.jpg\" alt=\"STOLBIZER Y BONFATTI EN BARILOCHE\" width=\"1232\" height=\"335\" class=\"alignnone size-full wp-image-3113\" srcset=\"https:\/\/www.partidogen.org.ar\/web\/wp-content\/uploads\/2015\/10\/368.jpg 1232w, https:\/\/www.partidogen.org.ar\/web\/wp-content\/uploads\/2015\/10\/368-300x81.jpg 300w, https:\/\/www.partidogen.org.ar\/web\/wp-content\/uploads\/2015\/10\/368-1024x278.jpg 1024w, https:\/\/www.partidogen.org.ar\/web\/wp-content\/uploads\/2015\/10\/368-100x27.jpg 100w, https:\/\/www.partidogen.org.ar\/web\/wp-content\/uploads\/2015\/10\/368-150x40.jpg 150w, https:\/\/www.partidogen.org.ar\/web\/wp-content\/uploads\/2015\/10\/368-200x54.jpg 200w, https:\/\/www.partidogen.org.ar\/web\/wp-content\/uploads\/2015\/10\/368-450x122.jpg 450w, https:\/\/www.partidogen.org.ar\/web\/wp-content\/uploads\/2015\/10\/368-600x163.jpg 600w, https:\/\/www.partidogen.org.ar\/web\/wp-content\/uploads\/2015\/10\/368-900x244.jpg 900w\" sizes=\"auto, (max-width: 1232px) 100vw, 1232px\" \/><br \/>\n09\/10\/2015.<br \/>\n<strong><span class=\"first\">L<\/span>a Candidata a la Presidencia de la Naci\u00f3n por PROGRESISTAS, Margarita Stolbizer, contin\u00faa con una agenda federal con vistas a la elecci\u00f3n de octubre. Bariloche, provincia de R\u00edo Negro le otorg\u00f3 a la candidata un porcentaje superior de votos a la obtenida en el nivel nacional, y se espera hoy que el progresismo local vuelva a ofrecerles buenos resultados. <\/strong> <\/p>\n<p>Nuevamente Stolbizer hizo campa\u00f1a con el foco puesto en las diferencias que tiene con relaci\u00f3n a los dem\u00e1s candidatos: \u00abNuestro modelo de desarrollo debe tener una perspectiva humana y social, basada en la igualdad de posibilidades y en la preservaci\u00f3n del ambiente y los recursos naturales para garantizar la sustentabilidad para las futuras generaciones.\u00bb<\/p>\n<p>El Compromiso Ambiental firmado d\u00edas atr\u00e1s volvi\u00f3 a ser el tema prioritario de la agenda de los progresistas en R\u00edo Negro, tomando los temas de preocupaci\u00f3n local: explotaci\u00f3n de hidrocarburos, miner\u00eda, incumplimiento de la ley de bosques y de glaciares. \u00bb<\/p>\n<p>\u00abLa Patagonia demuestra las grandes contradicciones del relato kirchnerista, al menos afuera de Santa Cruz. Aqu\u00ed los productores son v\u00edctimas de la presi\u00f3n tributaria y no cuentan con incentivos a la producci\u00f3n, tanto fiscales como los mercados para vender lo que producen. Aislaron a la Argentina del mundo y han puesto tantas trabas al comercio sin contemplar las tensiones de producci\u00f3n y precio, con el agravante de la falta de inversiones log\u00edsticas. Este gobierno, con las mejores condiciones econ\u00f3micas y pol\u00edticas, ha favorecido la concentraci\u00f3n econ\u00f3mica y la extranjerizaci\u00f3n de nuestra econom\u00eda. \u00bb<\/p>\n<p>Durante la jornada, la candidata de Progresistas estuvo acompa\u00f1ada por el gobernador de Santa Fe Antonio Bonfatti. Juntos se reunieron con vecinos, organizaciones ambientalistas, de pueblos originarios y recorrieron medios de comunicaci\u00f3n. \u00abNos vamos muy satisfechos por la recepci\u00f3n que tiene en Bariloche la propuesta de Progrsistas. Trabajamos con mucha convicci\u00f3n y vamos a dar la mayor sorpresa de la elecci\u00f3n. Estamos llegando a todos los lugares con nuestra propuesta federal, de promoci\u00f3n de las producciones regionales y desarrollo de las ciudades y pueblos del interior, para que todas las personas tengan la garant\u00eda de parte del estado para acceder a los bienes y servicios que necesitan para vivir con dignidad.\u00bb, expreso Stolbizer. <\/p>\n<p>Por su parte Bonfatti visito el INVAP y lo destaco como un gran orgullo nacional: \u00abescuchar a los profesionales y t\u00e9cnicos que trabajan en un proyecto estatal, con politicas publicas son un gran est\u00edmulo para la Argentina que viene. La visita nos motiva para el desarrollo de energ\u00edas alternativas seg\u00fan la provincia de Santa Fe viene planificando. Nuestro proyecto se basa en la innovaci\u00f3n y la inversi\u00f3n en la ciencia y la t\u00e9cnica para un mejor aprovechamiento de capacidades y recursos en beneficio del crecimiento del pa\u00eds. \u00ab<\/p>\n","protected":false},"excerpt":{"rendered":"<p>Stolbizer llev\u00f3 a R\u00edo Negro la Agenda Ambiental y de las Producciones Nacionales. Comparti\u00f3 la jornada con el gobernador Bonfatti.<\/p>\n","protected":false},"author":2,"featured_media":3113,"comment_status":"closed","ping_status":"closed","sticky":false,"template":"","format":"standard","meta":{"footnotes":""},"categories":[44,95,47],"tags":[],"class_list":["post-3112","post","type-post","status-publish","format-standard","has-post-thumbnail","hentry","category-actualidad","category-campana-presidencial-2015","category-margarita-stolbizer-diputados-nacionales"],"_links":{"self":[{"href":"https:\/\/www.partidogen.org.ar\/web\/wp-json\/wp\/v2\/posts\/3112","targetHints":{"allow":["GET"]}}],"collection":[{"href":"https:\/\/www.partidogen.org.ar\/web\/wp-json\/wp\/v2\/posts"}],"about":[{"href":"https:\/\/www.partidogen.org.ar\/web\/wp-json\/wp\/v2\/types\/post"}],"author":[{"embeddable":true,"href":"https:\/\/www.partidogen.org.ar\/web\/wp-json\/wp\/v2\/users\/2"}],"replies":[{"embeddable":true,"href":"https:\/\/www.partidogen.org.ar\/web\/wp-json\/wp\/v2\/comments?post=3112"}],"version-history":[{"count":0,"href":"https:\/\/www.partidogen.org.ar\/web\/wp-json\/wp\/v2\/posts\/3112\/revisions"}],"wp:featuredmedia":[{"embeddable":true,"href":"https:\/\/www.partidogen.org.ar\/web\/wp-json\/wp\/v2\/media\/3113"}],"wp:attachment":[{"href":"https:\/\/www.partidogen.org.ar\/web\/wp-json\/wp\/v2\/media?parent=3112"}],"wp:term":[{"taxonomy":"category","embeddable":true,"href":"https:\/\/www.partidogen.org.ar\/web\/wp-json\/wp\/v2\/categories?post=3112"},{"taxonomy":"post_tag","embeddable":true,"href":"https:\/\/www.partidogen.org.ar\/web\/wp-json\/wp\/v2\/tags?post=3112"}],"curies":[{"name":"wp","href":"https:\/\/api.w.org\/{rel}","templated":true}]}}