{"id":3101,"date":"2015-10-08T15:10:46","date_gmt":"2015-10-08T18:10:46","guid":{"rendered":"http:\/\/www.partidogen.org.ar\/web\/?p=3101"},"modified":"2015-10-13T18:20:47","modified_gmt":"2015-10-13T21:20:47","slug":"stolbizer-llevo-su-compromiso-ambiental-a-gualeguaychu","status":"publish","type":"post","link":"https:\/\/www.partidogen.org.ar\/web\/stolbizer-llevo-su-compromiso-ambiental-a-gualeguaychu\/","title":{"rendered":"STOLBIZER LLEV\u00d3 SU COMPROMISO AMBIENTAL A GUALEGUAYCH\u00da"},"content":{"rendered":"<p><img loading=\"lazy\" decoding=\"async\" src=\"http:\/\/www.partidogen.org.ar\/web\/wp-content\/uploads\/2015\/10\/367.jpg\" alt=\"STOLBIZER LLEV\u00d3 SU COMPROMISO AMBIENTAL A GUALEGUAYCH\u00da\" width=\"1232\" height=\"335\" class=\"alignnone size-full wp-image-3103\" srcset=\"https:\/\/www.partidogen.org.ar\/web\/wp-content\/uploads\/2015\/10\/367.jpg 1232w, https:\/\/www.partidogen.org.ar\/web\/wp-content\/uploads\/2015\/10\/367-300x81.jpg 300w, https:\/\/www.partidogen.org.ar\/web\/wp-content\/uploads\/2015\/10\/367-1024x278.jpg 1024w, https:\/\/www.partidogen.org.ar\/web\/wp-content\/uploads\/2015\/10\/367-100x27.jpg 100w, https:\/\/www.partidogen.org.ar\/web\/wp-content\/uploads\/2015\/10\/367-150x40.jpg 150w, https:\/\/www.partidogen.org.ar\/web\/wp-content\/uploads\/2015\/10\/367-200x54.jpg 200w, https:\/\/www.partidogen.org.ar\/web\/wp-content\/uploads\/2015\/10\/367-450x122.jpg 450w, https:\/\/www.partidogen.org.ar\/web\/wp-content\/uploads\/2015\/10\/367-600x163.jpg 600w, https:\/\/www.partidogen.org.ar\/web\/wp-content\/uploads\/2015\/10\/367-900x244.jpg 900w\" sizes=\"auto, (max-width: 1232px) 100vw, 1232px\" \/><br \/>\n08\/10\/2015.<br \/>\n<strong><span class=\"first\">L<\/span>a Candidata a la Presidencia de la Naci\u00f3n por PROGRESISTAS, Margarita Stolbizer, se reuni\u00f3 esta ma\u00f1ana en Gualeguaych\u00fa -provincia de Entre Rios- con el Obispo local Jorge Lozano quien tambi\u00e9n preside la Conferencia Episcopal de la Pastoral Social.<\/strong> <\/p>\n<p>\u00abTraemos nuestro compromiso ambiental para un futuro gobierno progresista a esta Ciudad, por una doble motivaci\u00f3n. Por un lado como reconocimiento a la lucha de la Asamblea que viene desde hace a\u00f1os defendiendo el ambiente, la vidas y la salud de los vecinos frente a la instalaci\u00f3n de las papeleras en la margen de enfrente del R\u00edo Uruguay. Y por otro lado para hacer entrega en la persona de Monse\u00f1or Lozano como respuesta a la Enc\u00edclica del Papa Francisco que ha sido el documento m\u00e1s firme e inspirador de los \u00faltimos tiempos en el llamado a una econom\u00eda m\u00e1s humana para preservar el ambiente y los recursos naturales.\u00bb<\/p>\n<p>\u00abFrancisco viene poniendo su enorme liderazgo espiritual en funci\u00f3n de la construcci\u00f3n de un mundo mejor y m\u00e1s justo. ES UNA VERG\u00dcENZA COMO LOS FUNCIONARIOS DE ESTE GOBIERNO, CON LA PRESIDENTA A LA CABEZA, DESPU\u00c9S DE HABERLO NINGUNEADO Y CRITICADO, HOY CORREN A TODOS LADOS PARA COLGARSE DE SU SOTANA EN LA B\u00daSQUEDA DE UNA FOTO DE CAMPA\u00d1A. PERO M\u00c1S GRAVE QUE ESO ES LA COMPLICIDAD DEL GOBIERNO CON UNA POL\u00cdTICA DEPREDADORA Y EXTRACTIVA QUE VA A CONTRAMANO DE LO QUE PROCLAMA NUESTRO PAPA. LA MEGAMINER\u00cdA, EL MONOCULTIVO, LA FALTA DE PLANIFICACI\u00d3N TERRITORIAL Y DE SERVICIOS DE INFRAESTRUCTURA SON LA DEMOSTRACI\u00d3N DE LAS RESPONSABILIDADES PUBLICAS EN LA DEGRADACI\u00d3N AMBIENTAL QUE PADECE NUESTRA NACI\u00d3N.\u00bb<\/p>\n<p>Stolbizer se refiri\u00f3 de manera expl\u00edcita a la Encicilica de Su Santidad Francisco LAUDATO SI sobre el cuidado de la casa com\u00fan, en la que expresa:<\/p>\n<p>\u00abNo es \u00e9tico la maximizaci\u00f3n de la ganancia a costa de aumentar la contaminaci\u00f3n y poner en riesgo la salud&#8230;Para que siga siendo posible dar empleo es imperioso promover una econom\u00eda que favorezca la diversidad productiva y la creatividad empresarial&#8230; Muchas formas concentradas de explotaci\u00f3n y degradaci\u00f3n del medio ambiente no solo pueden acabar con los recursos de subsistencia local, sino tambi\u00e9n con las capacidades sociales que han permitido un modo de vida que durante mucho tiempo ha otorgado identidad cultural y un sentido de la existencia y la convivencia&#8230; La diversificaci\u00f3n productiva da amplias posibilidades a la inteligencia humana para crear e innovar, a la vez que protege el ambiente y crea fuentes de trabajo&#8230; Un desarrollo tecnol\u00f3gico y econ\u00f3mico que no deja un mundo mejor y una calidad de vida integralmente superior no puede considerarse progreso&#8230;\u00bb <\/p>\n<p>Luego de la reuni\u00f3n en el Obispado, El frente PROGRESISTAS convoco a diversas organizaciones ambientalistas a quienes tambi\u00e9n entrego el <a href=\"http:\/\/margaritastolbizer.com.ar\/compromiso-progresista-con-el-ambiente\/\" target=\"_blank\">COMPROMISO PROGRESISTA CON EL AMBIENTE.<\/a><\/p>\n<p>[wpsgallery]<\/p>\n","protected":false},"excerpt":{"rendered":"<p>Se reuni\u00f3 con el Presidente de la Conferencia Episcopal de la Pastoral, Jorge Lozano. <\/p>\n","protected":false},"author":2,"featured_media":3103,"comment_status":"closed","ping_status":"closed","sticky":false,"template":"","format":"standard","meta":{"footnotes":""},"categories":[44,95,47],"tags":[],"class_list":["post-3101","post","type-post","status-publish","format-standard","has-post-thumbnail","hentry","category-actualidad","category-campana-presidencial-2015","category-margarita-stolbizer-diputados-nacionales"],"_links":{"self":[{"href":"https:\/\/www.partidogen.org.ar\/web\/wp-json\/wp\/v2\/posts\/3101","targetHints":{"allow":["GET"]}}],"collection":[{"href":"https:\/\/www.partidogen.org.ar\/web\/wp-json\/wp\/v2\/posts"}],"about":[{"href":"https:\/\/www.partidogen.org.ar\/web\/wp-json\/wp\/v2\/types\/post"}],"author":[{"embeddable":true,"href":"https:\/\/www.partidogen.org.ar\/web\/wp-json\/wp\/v2\/users\/2"}],"replies":[{"embeddable":true,"href":"https:\/\/www.partidogen.org.ar\/web\/wp-json\/wp\/v2\/comments?post=3101"}],"version-history":[{"count":0,"href":"https:\/\/www.partidogen.org.ar\/web\/wp-json\/wp\/v2\/posts\/3101\/revisions"}],"wp:featuredmedia":[{"embeddable":true,"href":"https:\/\/www.partidogen.org.ar\/web\/wp-json\/wp\/v2\/media\/3103"}],"wp:attachment":[{"href":"https:\/\/www.partidogen.org.ar\/web\/wp-json\/wp\/v2\/media?parent=3101"}],"wp:term":[{"taxonomy":"category","embeddable":true,"href":"https:\/\/www.partidogen.org.ar\/web\/wp-json\/wp\/v2\/categories?post=3101"},{"taxonomy":"post_tag","embeddable":true,"href":"https:\/\/www.partidogen.org.ar\/web\/wp-json\/wp\/v2\/tags?post=3101"}],"curies":[{"name":"wp","href":"https:\/\/api.w.org\/{rel}","templated":true}]}}