{"id":3093,"date":"2015-10-06T19:24:35","date_gmt":"2015-10-06T22:24:35","guid":{"rendered":"http:\/\/www.partidogen.org.ar\/web\/?p=3093"},"modified":"2015-10-12T21:37:09","modified_gmt":"2015-10-13T00:37:09","slug":"stolbizer-en-audiencia-publica-el-gobierno-nos-vigila","status":"publish","type":"post","link":"https:\/\/www.partidogen.org.ar\/web\/stolbizer-en-audiencia-publica-el-gobierno-nos-vigila\/","title":{"rendered":"STOLBIZER EN AUDIENCIA P\u00daBLICA \u00abEL GOBIERNO NOS VIGILA\u00bb"},"content":{"rendered":"<p><img loading=\"lazy\" decoding=\"async\" src=\"http:\/\/www.partidogen.org.ar\/web\/wp-content\/uploads\/2015\/10\/366.jpg\" alt=\"STOLBIZER EN AUDIENCIA\" width=\"1232\" height=\"335\" class=\"alignnone size-full wp-image-3094\" srcset=\"https:\/\/www.partidogen.org.ar\/web\/wp-content\/uploads\/2015\/10\/366.jpg 1232w, https:\/\/www.partidogen.org.ar\/web\/wp-content\/uploads\/2015\/10\/366-300x81.jpg 300w, https:\/\/www.partidogen.org.ar\/web\/wp-content\/uploads\/2015\/10\/366-1024x278.jpg 1024w, https:\/\/www.partidogen.org.ar\/web\/wp-content\/uploads\/2015\/10\/366-100x27.jpg 100w, https:\/\/www.partidogen.org.ar\/web\/wp-content\/uploads\/2015\/10\/366-150x40.jpg 150w, https:\/\/www.partidogen.org.ar\/web\/wp-content\/uploads\/2015\/10\/366-200x54.jpg 200w, https:\/\/www.partidogen.org.ar\/web\/wp-content\/uploads\/2015\/10\/366-450x122.jpg 450w, https:\/\/www.partidogen.org.ar\/web\/wp-content\/uploads\/2015\/10\/366-600x163.jpg 600w, https:\/\/www.partidogen.org.ar\/web\/wp-content\/uploads\/2015\/10\/366-900x244.jpg 900w\" sizes=\"auto, (max-width: 1232px) 100vw, 1232px\" \/><br \/>\n06\/10\/2015.<br \/>\n<strong><span class=\"first\">L<\/span>a candidata a Presidenta de PROGRESISTAS, Margarita Stolbizer, encabez\u00f3 una audiencia p\u00fablica sobre el circuito de informaci\u00f3n clandestina. \u00abEl gobierno nos vigila\u00bb se titul\u00f3 el encuentro que reuni\u00f3 a diputados, periodistas y especialistas, en el que se analiz\u00f3 el sistema montado desde el Estado para espiar a todos los Argentinos. Fue esta tarde en la sala 3 del anexo de la C\u00e1mara de Diputados.<\/strong><\/p>\n<p>Expusieron: Claudio Savoia \u2013 Periodista editor de Clarin y autor del Libro \u00abEspiados\u00bb; Gerardo \u00abTato\u00bb Young \u2013 Periodista y escritor, autor del libro \u00abC\u00f3digo Stiuso\u00bb; Torcuato Sozio \u2013 Miembro de la Asociaci\u00f3n por los Derechos Civiles; Alberto Fohrig \u2013 Prof de la Universidad de San Andres, Nacional. La apertura estuvo a cargo de Stolbizer y el cierre, del diputado, Manuel Garrido<\/p>\n<p>Stolbizer expres\u00f3 que: \u00ablo primero que tenemos que preguntarnos es por qu\u00e9 y para qu\u00e9 nos esp\u00edan?. No es para protegernos. Tal vez al contrario. La informaci\u00f3n ha sido utilizada para \u00abinstitucionalizar\u00bb la pr\u00e1ctica del carpetazo que han usado con propios y ajenos siempre con la intenci\u00f3n de la intimidaci\u00f3n. Este gobierno tiene 3 caracter\u00edsticas perversas que atentan contra el estado de derecho: es el gobierno de la arbitrariedad, la discrecionalidad y la ilegalidad. Y este espionaje ilegal es una muestra de c\u00f3mo se mueven siempre al margen de la ley. La inteligencia debe estar al servicio de la protecci\u00f3n de la seguridad de la naci\u00f3n. Y la informaci\u00f3n que se obtenga debe responder en objetivo y en finalidad exclusivamente a ese fin.<\/p>\n<p>Por su parte, Manuel Garrido se\u00f1al\u00f3 que  \u00abEn Argentina no hay controles adecuados para la actividad de inteligencia ya que pese a las reformas de este a\u00f1o, existe un \u00e1mbito de escasa transparencia y falta de controles eficaces\u00bb, y agreg\u00f3 que: \u00abEl gobierno ha abusado de este esquema, como lo demuestra el caso Stuiso, y se limita a buscar chivos expiatorios sin modificar realmente el sistema\u00bb<\/p>\n<p>Los distintos expositores en l\u00edneas generales dieron cuenta de sus investigaciones respecto a la ahora ex SIDE y a los distintos sistemas de espionaje montados en varios organismos del estado. Se\u00f1alaron que la clave del problema es el secreto. Son de espionaje, no de inteligencia. Hablaron sobre el poder de estos servicios sobre los jueces y de la necesidad de que la sociedad reaccione. Y advirtieron sobre los l\u00edmites que establecen las garant\u00edas constitucionales que no se est\u00e1n cumpliendo.<\/p>\n<p>[wpsgallery] <\/p>\n<p><strong>Stolbizer ma\u00f1ana estar\u00e1 en Comodoro Rivadavia, el jueves en Gualeguaych\u00fa y el viernes en Bariloche.<\/strong><\/p>\n<p>La candidata a Presidenta de PROGRESISTAS, Margarita Stolbizer, estar\u00e1 ma\u00f1ana en Comodoro Rivadavia. Visitar\u00e1 el Barrio Quirno Costa, conversar\u00e1 con vecinos y recorrer\u00e1 las calles. Dar\u00e1 entrevistas a radios y Tv locales y a las 17 horas, encabezar\u00e1 una audiencia abierta con vecinos, simpatizantes y dirigentes en el local del Frente PROGRESISTAS de Sarmiento 409<\/p>\n<p>El jueves, Stolbizer estar\u00e1 en Gualeguaych\u00fa. All\u00ed firmar\u00e1 p\u00fablicamente su \u00abCompromiso ambiental\u00bb Luego brindar\u00e1 una  Conferencia de prensa.<\/p>\n<p>El viernes visitar\u00e1 Bariloche. Concurrir\u00e1 al  Instituto Balseiro que forma parte del Centro At\u00f3mico Bariloche de la Comisi\u00f3n Nacional de Energ\u00eda At\u00f3mica. Mantendr\u00e1 un encuentro con integrantes de la comunidad mapuche &#8216;Mariano Solo&#8217; y culminar\u00e1 la jornada en El Charco, una feria de peque\u00f1os productores. <\/p>\n","protected":false},"excerpt":{"rendered":"<p>Stolbizer reuni\u00f3 a especialistas, diputados y periodistas en una audiencia p\u00fablica, para analizar el circuito de informaci\u00f3n clandestina montado desde el Estado.<\/p>\n","protected":false},"author":2,"featured_media":3094,"comment_status":"closed","ping_status":"closed","sticky":false,"template":"","format":"standard","meta":{"footnotes":""},"categories":[44,47],"tags":[],"class_list":["post-3093","post","type-post","status-publish","format-standard","has-post-thumbnail","hentry","category-actualidad","category-margarita-stolbizer-diputados-nacionales"],"_links":{"self":[{"href":"https:\/\/www.partidogen.org.ar\/web\/wp-json\/wp\/v2\/posts\/3093","targetHints":{"allow":["GET"]}}],"collection":[{"href":"https:\/\/www.partidogen.org.ar\/web\/wp-json\/wp\/v2\/posts"}],"about":[{"href":"https:\/\/www.partidogen.org.ar\/web\/wp-json\/wp\/v2\/types\/post"}],"author":[{"embeddable":true,"href":"https:\/\/www.partidogen.org.ar\/web\/wp-json\/wp\/v2\/users\/2"}],"replies":[{"embeddable":true,"href":"https:\/\/www.partidogen.org.ar\/web\/wp-json\/wp\/v2\/comments?post=3093"}],"version-history":[{"count":0,"href":"https:\/\/www.partidogen.org.ar\/web\/wp-json\/wp\/v2\/posts\/3093\/revisions"}],"wp:featuredmedia":[{"embeddable":true,"href":"https:\/\/www.partidogen.org.ar\/web\/wp-json\/wp\/v2\/media\/3094"}],"wp:attachment":[{"href":"https:\/\/www.partidogen.org.ar\/web\/wp-json\/wp\/v2\/media?parent=3093"}],"wp:term":[{"taxonomy":"category","embeddable":true,"href":"https:\/\/www.partidogen.org.ar\/web\/wp-json\/wp\/v2\/categories?post=3093"},{"taxonomy":"post_tag","embeddable":true,"href":"https:\/\/www.partidogen.org.ar\/web\/wp-json\/wp\/v2\/tags?post=3093"}],"curies":[{"name":"wp","href":"https:\/\/api.w.org\/{rel}","templated":true}]}}