{"id":3085,"date":"2015-10-05T18:41:56","date_gmt":"2015-10-05T21:41:56","guid":{"rendered":"http:\/\/www.partidogen.org.ar\/web\/?p=3085"},"modified":"2015-10-11T10:40:12","modified_gmt":"2015-10-11T13:40:12","slug":"stolbizer-hoy-estuvo-en-la-matanza","status":"publish","type":"post","link":"https:\/\/www.partidogen.org.ar\/web\/stolbizer-hoy-estuvo-en-la-matanza\/","title":{"rendered":"STOLBIZER EN LA MATANZA"},"content":{"rendered":"<p><img loading=\"lazy\" decoding=\"async\" src=\"http:\/\/www.partidogen.org.ar\/web\/wp-content\/uploads\/2015\/10\/365.jpg\" alt=\"STOLBIZER HOY ESTUVO EN LA MATANZA\" width=\"1232\" height=\"335\" class=\"alignnone size-full wp-image-3086\" srcset=\"https:\/\/www.partidogen.org.ar\/web\/wp-content\/uploads\/2015\/10\/365.jpg 1232w, https:\/\/www.partidogen.org.ar\/web\/wp-content\/uploads\/2015\/10\/365-300x81.jpg 300w, https:\/\/www.partidogen.org.ar\/web\/wp-content\/uploads\/2015\/10\/365-1024x278.jpg 1024w, https:\/\/www.partidogen.org.ar\/web\/wp-content\/uploads\/2015\/10\/365-100x27.jpg 100w, https:\/\/www.partidogen.org.ar\/web\/wp-content\/uploads\/2015\/10\/365-150x40.jpg 150w, https:\/\/www.partidogen.org.ar\/web\/wp-content\/uploads\/2015\/10\/365-200x54.jpg 200w, https:\/\/www.partidogen.org.ar\/web\/wp-content\/uploads\/2015\/10\/365-450x122.jpg 450w, https:\/\/www.partidogen.org.ar\/web\/wp-content\/uploads\/2015\/10\/365-600x163.jpg 600w, https:\/\/www.partidogen.org.ar\/web\/wp-content\/uploads\/2015\/10\/365-900x244.jpg 900w\" sizes=\"auto, (max-width: 1232px) 100vw, 1232px\" \/><br \/>\n05\/10\/2015.<br \/>\n<strong><span class=\"first\">U<\/span>n d\u00eda despu\u00e9s del debate presidencial, la candidata de Progresistas Margarita Stolbizer estuvo de visita en Isidro Casanova, partido de La Matanza. Por invitaci\u00f3n de la Escuela Nuestra Se\u00f1ora de Shoenstatt que convoc\u00f3 a otras instituciones de la zona, junto a los alumnos, docentes y padres, Stolbizer acompa\u00f1ada por Jorge Ceballos, candidato a diputado nacional, tuvieron un intercambio para hablar del voto joven, pero tambi\u00e9n lo hicieron sobre otros temas como seguridad, narcotr\u00e1fico, justicia, empleo joven, educaci\u00f3n. etc.<\/strong><\/p>\n<p>Luego Stolbizer se reuni\u00f3 con la Asociaci\u00f3n Fores, de quien recibi\u00f3 la Agenda anotada para la Justicia Argentina 2020 y se comprometi\u00f3 a continuar poniendo la justicia independiente como uno de los ejes de prioridad de la propuesta pol\u00edtica para el pr\u00f3ximo gobierno. <\/p>\n<p>Tambi\u00e9n mantuvo un encuentro con la representante de UNICEF en Argentina, Sra. Florence Bauer quien present\u00f3 la Agenda por la infancia y adolescencia 2016\/2020. \u00abTenemos la propuesta de un plan integral para atender la situaci\u00f3n de la infancia con insuficiencia alimentaria; y vamos a atender la situaci\u00f3n de pobreza a trav\u00e9s de la mejora de la calidad de la educaci\u00f3n.\u00bb<\/p>\n<p>[wpsgallery]<\/p>\n<p>Luego vino el anuncio de lo de ma\u00f1ana: <a href=\"http:\/\/margaritastolbizer.com.ar\/wp-content\/uploads\/2015\/10\/Invitaci%C3%B3n-Inteligencia.pdf\" target=\"_blank\">EL GOBIERNO NOS VIGILA<\/a><\/p>\n<p>Ma\u00f1ana, martes 6 de octubre Stolbizer convoc\u00f3 a una audiencia p\u00fablica sobre el circuito de informaci\u00f3n clandestina, \u201cEl gobierno nos vigila\u201d. An\u00e1lisis sobre el sistema del Estado para espiar a todos los Argentinos. Se realizar\u00e1 a las 17 horas en la sala  3 del anexo de la C\u00e1mara de Diputados.<\/p>\n<p><strong>Expondr\u00e1n:<\/strong><br \/>\nClaudio Savoia \u2013 Periodista editor de Clarin y autor del Libro \u201cEspiados\u201d<br \/>\nGerardo \u201cTato\u201d Young \u2013 Periodista y escritor, autor del libro \u201cC\u00f3digo Stiuso\u201d<br \/>\nTorcuato Sozio \u2013 Miembro de la Asociaci\u00f3n por los Derechos Civiles<br \/>\nAlberto Fohrig \u2013 Prof de la Universidad de San Andres-<br \/>\nManuel Garrido \u2013 Diputado Nacional-<br \/>\nCierre a cargo de Stolbizer.<\/p>\n","protected":false},"excerpt":{"rendered":"<p>STOLBIZER: INTENSA ACTIVIDAD DE LA CANDIDATA PRESIDENCIAL<br \/>\n\u00abNUESTRA CAMPA\u00d1A ES CARA A CARA Y PUERTA A PUERTA. VAMOS A LLEGAR A TODOS LOS RINCONES Y VAMOS A CONVERSAR CON TODAS LAS ORGANIZACIONES PARA QUE EL PROGRESISMO TENGA UN LUGAR CENTRAL EN LA ARGENTINA QUE VIENE\u00bb<\/p>\n","protected":false},"author":2,"featured_media":3086,"comment_status":"closed","ping_status":"closed","sticky":false,"template":"","format":"standard","meta":{"footnotes":""},"categories":[44,95,47],"tags":[],"class_list":["post-3085","post","type-post","status-publish","format-standard","has-post-thumbnail","hentry","category-actualidad","category-campana-presidencial-2015","category-margarita-stolbizer-diputados-nacionales"],"_links":{"self":[{"href":"https:\/\/www.partidogen.org.ar\/web\/wp-json\/wp\/v2\/posts\/3085","targetHints":{"allow":["GET"]}}],"collection":[{"href":"https:\/\/www.partidogen.org.ar\/web\/wp-json\/wp\/v2\/posts"}],"about":[{"href":"https:\/\/www.partidogen.org.ar\/web\/wp-json\/wp\/v2\/types\/post"}],"author":[{"embeddable":true,"href":"https:\/\/www.partidogen.org.ar\/web\/wp-json\/wp\/v2\/users\/2"}],"replies":[{"embeddable":true,"href":"https:\/\/www.partidogen.org.ar\/web\/wp-json\/wp\/v2\/comments?post=3085"}],"version-history":[{"count":0,"href":"https:\/\/www.partidogen.org.ar\/web\/wp-json\/wp\/v2\/posts\/3085\/revisions"}],"wp:featuredmedia":[{"embeddable":true,"href":"https:\/\/www.partidogen.org.ar\/web\/wp-json\/wp\/v2\/media\/3086"}],"wp:attachment":[{"href":"https:\/\/www.partidogen.org.ar\/web\/wp-json\/wp\/v2\/media?parent=3085"}],"wp:term":[{"taxonomy":"category","embeddable":true,"href":"https:\/\/www.partidogen.org.ar\/web\/wp-json\/wp\/v2\/categories?post=3085"},{"taxonomy":"post_tag","embeddable":true,"href":"https:\/\/www.partidogen.org.ar\/web\/wp-json\/wp\/v2\/tags?post=3085"}],"curies":[{"name":"wp","href":"https:\/\/api.w.org\/{rel}","templated":true}]}}