{"id":3026,"date":"2015-09-25T20:20:31","date_gmt":"2015-09-25T23:20:31","guid":{"rendered":"http:\/\/www.partidogen.org.ar\/web\/?p=3026"},"modified":"2015-09-29T20:51:57","modified_gmt":"2015-09-29T23:51:57","slug":"stolbizer-en-jachal-san-juan-contra-la-mineria-tras-derrame","status":"publish","type":"post","link":"https:\/\/www.partidogen.org.ar\/web\/stolbizer-en-jachal-san-juan-contra-la-mineria-tras-derrame\/","title":{"rendered":"STOLBIZER EN J\u00c1CHAL, SAN JUAN, CONTRA LA MINERIA TRAS DERRAME"},"content":{"rendered":"<p><img loading=\"lazy\" decoding=\"async\" src=\"http:\/\/www.partidogen.org.ar\/web\/wp-content\/uploads\/2015\/09\/356.jpg\" alt=\"STOLBIZER EN J\u00c1CHAL, SAN JUAN, CONTRA LA MINERIA TRAS DERRAME\" width=\"1232\" height=\"335\" class=\"alignnone size-full wp-image-3027\" srcset=\"https:\/\/www.partidogen.org.ar\/web\/wp-content\/uploads\/2015\/09\/356.jpg 1232w, https:\/\/www.partidogen.org.ar\/web\/wp-content\/uploads\/2015\/09\/356-300x81.jpg 300w, https:\/\/www.partidogen.org.ar\/web\/wp-content\/uploads\/2015\/09\/356-1024x278.jpg 1024w, https:\/\/www.partidogen.org.ar\/web\/wp-content\/uploads\/2015\/09\/356-100x27.jpg 100w, https:\/\/www.partidogen.org.ar\/web\/wp-content\/uploads\/2015\/09\/356-150x40.jpg 150w, https:\/\/www.partidogen.org.ar\/web\/wp-content\/uploads\/2015\/09\/356-200x54.jpg 200w, https:\/\/www.partidogen.org.ar\/web\/wp-content\/uploads\/2015\/09\/356-450x122.jpg 450w, https:\/\/www.partidogen.org.ar\/web\/wp-content\/uploads\/2015\/09\/356-600x163.jpg 600w, https:\/\/www.partidogen.org.ar\/web\/wp-content\/uploads\/2015\/09\/356-900x244.jpg 900w\" sizes=\"auto, (max-width: 1232px) 100vw, 1232px\" \/><br \/>\n25\/09\/2015.<br \/>\n<strong><span class=\"first\">L<\/span>a candidata a Presidenta de la Naci\u00f3n por PROGRESISTAS, Margarita Stolbizer, viaj\u00f3 a la provincia San Juan junto a la candidata a Diputada Nacional, Victoria Donda, para escuchar y acompa\u00f1ar a los vecinos  de los departamentos de Iglesia y J\u00e1chal y Albard\u00f3n en sus reclamos contra la actividad megaminera a cielo abierto de Veladero y Pascua Lama; y respaldar a los dirigentes y candidatos provinciales del espacio PROGRESISTAS que est\u00e1n dando una muestra clara y contundente del compromiso con su comunidad.<\/strong><\/p>\n<p>Tras brindar una conferencia de prensa en la Ciudad Capital, visit\u00f3 el departamento de Iglesia donde estuvo con vecinos que le manifestaron sus preocupaciones y luego se traslad\u00f3 a J\u00e1chal. Particip\u00f3 de la caravana hacia la capital de San Juan donde se realizar\u00e1 la marcha de vecinos autoconvocados contra la megaminer\u00eda a cielo abierto. Previa parada en Albard\u00f3n, punto de concentraci\u00f3n de los autoconvocados, reclamaron parar con la actividad extractiva de la Mina Veladero, hacer una consulta popular por el cese de la actividad y el cumplimiento de la Ley Nacional de Protecci\u00f3n de Glaciares. Por \u00faltimo, a las 20 horas estar\u00e1 en la marcha en la Plaza 25 de Mayo.<\/p>\n<p>La modalidad de la industria minera que heredamos de los &#8217;90 est\u00e1 basada en la desregulaci\u00f3n de la actividad, tanto en el mercado con las leyes de inversiones mineras con exenciones y beneficios impositivos a perpetuidad las empresas, como en materia de impacto ambiental, ausencia de auditorias permitiendo a las trasnacionales autocontrolarse a discreci\u00f3n como en los casos de Veladero y Pascua Lama.<\/p>\n<p>Stolbizer expres\u00f3: \u00abSi hay un lugar donde creemos que se juega el futuro de la Argentina es en situaciones como las que est\u00e1 atravesando San Juan. Nosotros no venimos a sostener posiciones fundamentalistas, venimos a escuchar a las comunidades afectadas por esta actividad porque cuando hablamos de temas ambientales estamos hablando del futuro del pa\u00eds. La situaci\u00f3n que esta pasando J\u00e1chal con el derrame de cianuro no es otra cosa que la consecuencia de los riesgos que venimos advirtiendo desde un comienzo frente a este tipo de actividad extractiva\u00bb. Y se pregunt\u00f3 que si la toma de conocimiento del derrame fue casi por casualidad mediante un mensaje y se neg\u00f3 informaci\u00f3n y se minti\u00f3, \u00ab\u00bfqu\u00e9 garant\u00eda hay de que esto no ha sucedido antes o no puede volver a ocurrir y que nadie se entere?, los litros de cianuro derramado terminaron siendo cuatro veces m\u00e1s de lo que se hab\u00eda dicho y la complicidad del gobierno provincial en el ocultamiento agrav\u00f3 la situaci\u00f3n.\u00bb<\/p>\n<p>\u00abNuestra posici\u00f3n es bien diferente de los dem\u00e1s candidatos que tienen una mirada contemplativa y condescendiente con la actividad, Scioli mostr\u00f3 en su \u00faltima visita a la provincia que es la continuidad de la actividad extrativista, Macri est\u00e1 de acuerdo con la mega miner\u00eda y Massa fue el jefe de gabinete de la presidenta de la Naci\u00f3n que redact\u00f3 y vet\u00f3 la Ley de Glaciares\u00bb<\/p>\n<p>La candidata presidencial tambi\u00e9n dijo que el problema es cuando la pol\u00edtica se hace para defender el inter\u00e9s de los grupos econ\u00f3micos en lugar de defender el inter\u00e9s com\u00fan. \u00abCuando estas empresas se llevan las riquezas nos dejan agujeros, nos dejan desocupaci\u00f3n porque hay un d\u00eda en el que se van y queda un desastre no s\u00f3lo ambiental sino tambi\u00e9n social. Si algo tenemos que cuidar son nuestras riquezas, no hay derecho que arruinen nuestro territorio y que nos roben nuestros recursos y la salud de nuestros hijos\u00bb<\/p>\n<p>Adem\u00e1s de la candidata a diputada nacional por CABA, Victoria Donda, Stolbizer estuvo acompa\u00f1ada por el candidato a diputado de J\u00e1chal, Saul Zeballos, Diego Segu\u00ed, candidato a diputado provincial y el candidato a gobernador Benjam\u00edn Kuchen.<\/p>\n<p>[wpsgallery]<\/p>\n","protected":false},"excerpt":{"rendered":"<p>LA CANDIDATA A PRESIDENTA DE LA NACI\u00d3N POR PROGRESISTAS, MARGARITA STOLBIZER EN J\u00c1CHAL JUNTO A VECINOS AUTOCONVOCADOS  QUE RECLAMAN POR \u00c9L DERRAME DE CIANURO OCURRIDO EL 13 DE SEPTIEMBRE.  \u00abLa degradaci\u00f3n ecol\u00f3gica que produce la megamineria trae consigo degradaci\u00f3n social\u00bb.<\/p>\n","protected":false},"author":2,"featured_media":3027,"comment_status":"closed","ping_status":"closed","sticky":false,"template":"","format":"standard","meta":{"footnotes":""},"categories":[44,95,47,60],"tags":[],"class_list":["post-3026","post","type-post","status-publish","format-standard","has-post-thumbnail","hentry","category-actualidad","category-campana-presidencial-2015","category-margarita-stolbizer-diputados-nacionales","category-san-juan"],"_links":{"self":[{"href":"https:\/\/www.partidogen.org.ar\/web\/wp-json\/wp\/v2\/posts\/3026","targetHints":{"allow":["GET"]}}],"collection":[{"href":"https:\/\/www.partidogen.org.ar\/web\/wp-json\/wp\/v2\/posts"}],"about":[{"href":"https:\/\/www.partidogen.org.ar\/web\/wp-json\/wp\/v2\/types\/post"}],"author":[{"embeddable":true,"href":"https:\/\/www.partidogen.org.ar\/web\/wp-json\/wp\/v2\/users\/2"}],"replies":[{"embeddable":true,"href":"https:\/\/www.partidogen.org.ar\/web\/wp-json\/wp\/v2\/comments?post=3026"}],"version-history":[{"count":0,"href":"https:\/\/www.partidogen.org.ar\/web\/wp-json\/wp\/v2\/posts\/3026\/revisions"}],"wp:featuredmedia":[{"embeddable":true,"href":"https:\/\/www.partidogen.org.ar\/web\/wp-json\/wp\/v2\/media\/3027"}],"wp:attachment":[{"href":"https:\/\/www.partidogen.org.ar\/web\/wp-json\/wp\/v2\/media?parent=3026"}],"wp:term":[{"taxonomy":"category","embeddable":true,"href":"https:\/\/www.partidogen.org.ar\/web\/wp-json\/wp\/v2\/categories?post=3026"},{"taxonomy":"post_tag","embeddable":true,"href":"https:\/\/www.partidogen.org.ar\/web\/wp-json\/wp\/v2\/tags?post=3026"}],"curies":[{"name":"wp","href":"https:\/\/api.w.org\/{rel}","templated":true}]}}