{"id":3018,"date":"2015-09-24T16:37:43","date_gmt":"2015-09-24T19:37:43","guid":{"rendered":"http:\/\/www.partidogen.org.ar\/web\/?p=3018"},"modified":"2015-09-29T18:00:22","modified_gmt":"2015-09-29T21:00:22","slug":"stolbizer-firmo-el-compromiso-por-los-derechos-de-las-personas-con-discapacidad","status":"publish","type":"post","link":"https:\/\/www.partidogen.org.ar\/web\/stolbizer-firmo-el-compromiso-por-los-derechos-de-las-personas-con-discapacidad\/","title":{"rendered":"STOLBIZER FIRMO EL COMPROMISO  POR LOS DERECHOS DE LAS PERSONAS CON DISCAPACIDAD"},"content":{"rendered":"<p><img loading=\"lazy\" decoding=\"async\" src=\"http:\/\/www.partidogen.org.ar\/web\/wp-content\/uploads\/2015\/09\/355.jpg\" alt=\"STOLBIZER FIRMO EL COMPROMISO  POR LOS DERECHOS DE LAS PERSONAS CON DISCAPACIDAD\" width=\"1232\" height=\"335\" class=\"alignnone size-full wp-image-3019\" srcset=\"https:\/\/www.partidogen.org.ar\/web\/wp-content\/uploads\/2015\/09\/355.jpg 1232w, https:\/\/www.partidogen.org.ar\/web\/wp-content\/uploads\/2015\/09\/355-300x81.jpg 300w, https:\/\/www.partidogen.org.ar\/web\/wp-content\/uploads\/2015\/09\/355-1024x278.jpg 1024w, https:\/\/www.partidogen.org.ar\/web\/wp-content\/uploads\/2015\/09\/355-100x27.jpg 100w, https:\/\/www.partidogen.org.ar\/web\/wp-content\/uploads\/2015\/09\/355-150x40.jpg 150w, https:\/\/www.partidogen.org.ar\/web\/wp-content\/uploads\/2015\/09\/355-200x54.jpg 200w, https:\/\/www.partidogen.org.ar\/web\/wp-content\/uploads\/2015\/09\/355-450x122.jpg 450w, https:\/\/www.partidogen.org.ar\/web\/wp-content\/uploads\/2015\/09\/355-600x163.jpg 600w, https:\/\/www.partidogen.org.ar\/web\/wp-content\/uploads\/2015\/09\/355-900x244.jpg 900w\" sizes=\"auto, (max-width: 1232px) 100vw, 1232px\" \/><br \/>\n24\/09\/2015.<br \/>\n<strong><span class=\"first\">L<\/span>a candidata a Presidenta de la Naci\u00f3n por PROGRESISTAS, Margarita Stolbizer, present\u00f3 hoy frente a ONGS un compromiso por los Derechos de las Personas con Discapacidad. De la actividad participaron los diputados Gabriela Troiano, Juan Carlos Zabalza y Omar Ducl\u00f3s. Se realiz\u00f3 en la sede del CEMUPRO y fue ante varias ongs que trabajan en la tem\u00e1tica.<\/strong><\/p>\n<p>En Argentina existen m\u00e1s de 7 millones de personas con alguna discapacidad. Recientemente el Congreso nacional, le otorg\u00f3 jerarqu\u00eda constitucional a la Convenci\u00f3n sobre los Derechos de las Personas con Discapacidad a trav\u00e9s de la sanci\u00f3n de la Ley 27.044.<\/p>\n<p>Se impone, un gran cambio de paradigma ya no deben ser considerados como objeto de beneficencia o asistencialismo sino sujetos de derecho y por tanto participar en la toma de decisiones y formulaci\u00f3n de leyes y pol\u00edticas p\u00fablicas que les ata\u00f1en por ser los mejores expertos.<\/p>\n<p>La Candidata expres\u00f3: \u00abdonde hay un derecho, hay un estado obligado a garantizar su acceso y ejercicio efectivo. Y para eso son las pol\u00edticas p\u00fablicas. Nos comprometemos a desarrollar un plan integral con estas propuestas, tanto en los departamentos ejecutivos nacionales, provinciales y municipales, como desde el Congreso de la naci\u00f3n. No solamente las personas con discapacidad, sino tambi\u00e9n sus familias, tienen el derecho a contar con la atenci\u00f3n por parte del estado. Disputamos el poder pol\u00edtico para dar estas respuestas, no para sentarnos en un sill\u00f3n y hacer o dejar de hacer lo mismo que los otros.\u00bb<\/p>\n<p><a href=\"http:\/\/margaritastolbizer.com.ar\/compromiso-progresista-por-los-derechos-de-las-personas-con-discapacidad\/\" target=\"_blank\">LEER COMPROMISO PROGRESISTA POR LOS DERECHOS DE LAS PERSONAS CON DISCAPACIDAD<\/a><\/p>\n<p>[wpsgallery]<\/p>\n","protected":false},"excerpt":{"rendered":"<p>Stolbizer present\u00f3 hoy sus propuestas frente a ONGS: \u00abNos enorgullece y nos preocupa ser los \u00fanicos en incluir un compromiso de este tipo en la campa\u00f1a electoral\u00bb<\/p>\n","protected":false},"author":2,"featured_media":3019,"comment_status":"closed","ping_status":"closed","sticky":false,"template":"","format":"standard","meta":{"footnotes":""},"categories":[44,95,47],"tags":[],"class_list":["post-3018","post","type-post","status-publish","format-standard","has-post-thumbnail","hentry","category-actualidad","category-campana-presidencial-2015","category-margarita-stolbizer-diputados-nacionales"],"_links":{"self":[{"href":"https:\/\/www.partidogen.org.ar\/web\/wp-json\/wp\/v2\/posts\/3018","targetHints":{"allow":["GET"]}}],"collection":[{"href":"https:\/\/www.partidogen.org.ar\/web\/wp-json\/wp\/v2\/posts"}],"about":[{"href":"https:\/\/www.partidogen.org.ar\/web\/wp-json\/wp\/v2\/types\/post"}],"author":[{"embeddable":true,"href":"https:\/\/www.partidogen.org.ar\/web\/wp-json\/wp\/v2\/users\/2"}],"replies":[{"embeddable":true,"href":"https:\/\/www.partidogen.org.ar\/web\/wp-json\/wp\/v2\/comments?post=3018"}],"version-history":[{"count":0,"href":"https:\/\/www.partidogen.org.ar\/web\/wp-json\/wp\/v2\/posts\/3018\/revisions"}],"wp:featuredmedia":[{"embeddable":true,"href":"https:\/\/www.partidogen.org.ar\/web\/wp-json\/wp\/v2\/media\/3019"}],"wp:attachment":[{"href":"https:\/\/www.partidogen.org.ar\/web\/wp-json\/wp\/v2\/media?parent=3018"}],"wp:term":[{"taxonomy":"category","embeddable":true,"href":"https:\/\/www.partidogen.org.ar\/web\/wp-json\/wp\/v2\/categories?post=3018"},{"taxonomy":"post_tag","embeddable":true,"href":"https:\/\/www.partidogen.org.ar\/web\/wp-json\/wp\/v2\/tags?post=3018"}],"curies":[{"name":"wp","href":"https:\/\/api.w.org\/{rel}","templated":true}]}}