{"id":3007,"date":"2015-09-23T12:52:47","date_gmt":"2015-09-23T15:52:47","guid":{"rendered":"http:\/\/www.partidogen.org.ar\/web\/?p=3007"},"modified":"2015-09-25T20:25:26","modified_gmt":"2015-09-25T23:25:26","slug":"debate-presidencial","status":"publish","type":"post","link":"https:\/\/www.partidogen.org.ar\/web\/debate-presidencial\/","title":{"rendered":"DEBATE PRESIDENCIAL"},"content":{"rendered":"<p><img loading=\"lazy\" decoding=\"async\" src=\"http:\/\/www.partidogen.org.ar\/web\/wp-content\/uploads\/2015\/09\/352.jpg\" alt=\"DEBATE PRESIDENCIAL\" width=\"1232\" height=\"335\" class=\"alignnone size-full wp-image-3008\" srcset=\"https:\/\/www.partidogen.org.ar\/web\/wp-content\/uploads\/2015\/09\/352.jpg 1232w, https:\/\/www.partidogen.org.ar\/web\/wp-content\/uploads\/2015\/09\/352-300x81.jpg 300w, https:\/\/www.partidogen.org.ar\/web\/wp-content\/uploads\/2015\/09\/352-1024x278.jpg 1024w, https:\/\/www.partidogen.org.ar\/web\/wp-content\/uploads\/2015\/09\/352-100x27.jpg 100w, https:\/\/www.partidogen.org.ar\/web\/wp-content\/uploads\/2015\/09\/352-150x40.jpg 150w, https:\/\/www.partidogen.org.ar\/web\/wp-content\/uploads\/2015\/09\/352-200x54.jpg 200w, https:\/\/www.partidogen.org.ar\/web\/wp-content\/uploads\/2015\/09\/352-450x122.jpg 450w, https:\/\/www.partidogen.org.ar\/web\/wp-content\/uploads\/2015\/09\/352-600x163.jpg 600w, https:\/\/www.partidogen.org.ar\/web\/wp-content\/uploads\/2015\/09\/352-900x244.jpg 900w\" sizes=\"auto, (max-width: 1232px) 100vw, 1232px\" \/><br \/>\n<strong><span class=\"first\">S<\/span>tolbizer: \u201cSi para que Scioli participe del debate, la condici\u00f3n es sancionar una ley, con la mayor\u00eda oficialista, podr\u00eda salir hoy mismo\u201d. \u00abQue la negativa de Scioli no sea otra excusa para Macri\u00bb<\/strong><\/p>\n<p>23\/09\/15 &#8211; La candidata a Presidenta de PROGRESISTAS, Margarita Stolbizer, se refiri\u00f3 a la negativa que expresaron en el d\u00eda de hoy, integrantes del equipo de Scioli, respecto a la participaci\u00f3n del candidato del FPV en el debate de presidenciales agendado para el 4 de octubre.<\/p>\n<p>\u00abSi la excusa es que los debates deben establecerse por ley, pues con la mayor\u00eda oficialista con la que hoy cuenta, Scioli podr\u00eda sacarlo hoy mismo. Hay varios proyectos presentados por distintos bloques, que est\u00e1n en tratamiento en la comisi\u00f3n. Ser\u00eda una decisi\u00f3n sencilla\u00bb.<\/p>\n<p>\u201cHace varios meses que se viene trabajando en este debate previsto para el 4 de octubre, generado a partir de la iniciativa de Argentina Debate. Todos los candidatos estuvimos en la organizaci\u00f3n a trav\u00e9s de nuestros equipos. No hubo nada nuevo como para que sorpresivamente alguno, decidiera no participar.  Con o sin Scioli, los organizadores plantearon que el debate se hace igual. No obstante creo que todos deber\u00edamos estar\u201d.<\/p>\n<p>\u201cLa decisi\u00f3n de no debatir es mera especulaci\u00f3n, cobard\u00eda o desprecio por las instituciones? Es Scioli que no quiere debatir o Cristina Kirchner que no lo deja? Que Scioli deje de esconderse. El pa\u00eds necesita saber c\u00f3mo vamos a gobernar y los candidatos estamos obligados a debatir\u201d.<\/p>\n","protected":false},"excerpt":{"rendered":"<p>Stolbizer: \u201cSi para que Scioli participe del debate, la condici\u00f3n es sancionar una ley, con la mayor\u00eda oficialista, podr\u00eda salir hoy mismo\u201d. \u00abQue la negativa de Scioli no sea otra excusa para Macri\u00bb<\/p>\n","protected":false},"author":2,"featured_media":3008,"comment_status":"closed","ping_status":"closed","sticky":false,"template":"","format":"standard","meta":{"footnotes":""},"categories":[44,95,47],"tags":[],"class_list":["post-3007","post","type-post","status-publish","format-standard","has-post-thumbnail","hentry","category-actualidad","category-campana-presidencial-2015","category-margarita-stolbizer-diputados-nacionales"],"_links":{"self":[{"href":"https:\/\/www.partidogen.org.ar\/web\/wp-json\/wp\/v2\/posts\/3007","targetHints":{"allow":["GET"]}}],"collection":[{"href":"https:\/\/www.partidogen.org.ar\/web\/wp-json\/wp\/v2\/posts"}],"about":[{"href":"https:\/\/www.partidogen.org.ar\/web\/wp-json\/wp\/v2\/types\/post"}],"author":[{"embeddable":true,"href":"https:\/\/www.partidogen.org.ar\/web\/wp-json\/wp\/v2\/users\/2"}],"replies":[{"embeddable":true,"href":"https:\/\/www.partidogen.org.ar\/web\/wp-json\/wp\/v2\/comments?post=3007"}],"version-history":[{"count":0,"href":"https:\/\/www.partidogen.org.ar\/web\/wp-json\/wp\/v2\/posts\/3007\/revisions"}],"wp:featuredmedia":[{"embeddable":true,"href":"https:\/\/www.partidogen.org.ar\/web\/wp-json\/wp\/v2\/media\/3008"}],"wp:attachment":[{"href":"https:\/\/www.partidogen.org.ar\/web\/wp-json\/wp\/v2\/media?parent=3007"}],"wp:term":[{"taxonomy":"category","embeddable":true,"href":"https:\/\/www.partidogen.org.ar\/web\/wp-json\/wp\/v2\/categories?post=3007"},{"taxonomy":"post_tag","embeddable":true,"href":"https:\/\/www.partidogen.org.ar\/web\/wp-json\/wp\/v2\/tags?post=3007"}],"curies":[{"name":"wp","href":"https:\/\/api.w.org\/{rel}","templated":true}]}}