{"id":2970,"date":"2015-09-17T19:44:19","date_gmt":"2015-09-17T22:44:19","guid":{"rendered":"http:\/\/www.partidogen.org.ar\/web\/?p=2970"},"modified":"2015-09-22T12:15:34","modified_gmt":"2015-09-22T15:15:34","slug":"stolbizer-se-reunio-con-trabajadores-del-indec","status":"publish","type":"post","link":"https:\/\/www.partidogen.org.ar\/web\/stolbizer-se-reunio-con-trabajadores-del-indec\/","title":{"rendered":"STOLBIZER SE REUNI\u00d3 CON TRABAJADORES DEL INDEC"},"content":{"rendered":"<p><img loading=\"lazy\" decoding=\"async\" src=\"http:\/\/www.partidogen.org.ar\/web\/wp-content\/uploads\/2015\/09\/347.jpg\" alt=\"STOLBIZER SE REUNI\u00d3 CON TRABAJADORES DEL INDEC\" width=\"1232\" height=\"335\" class=\"alignnone size-full wp-image-2971\" srcset=\"https:\/\/www.partidogen.org.ar\/web\/wp-content\/uploads\/2015\/09\/347.jpg 1232w, https:\/\/www.partidogen.org.ar\/web\/wp-content\/uploads\/2015\/09\/347-300x81.jpg 300w, https:\/\/www.partidogen.org.ar\/web\/wp-content\/uploads\/2015\/09\/347-1024x278.jpg 1024w, https:\/\/www.partidogen.org.ar\/web\/wp-content\/uploads\/2015\/09\/347-100x27.jpg 100w, https:\/\/www.partidogen.org.ar\/web\/wp-content\/uploads\/2015\/09\/347-150x40.jpg 150w, https:\/\/www.partidogen.org.ar\/web\/wp-content\/uploads\/2015\/09\/347-200x54.jpg 200w, https:\/\/www.partidogen.org.ar\/web\/wp-content\/uploads\/2015\/09\/347-450x122.jpg 450w, https:\/\/www.partidogen.org.ar\/web\/wp-content\/uploads\/2015\/09\/347-600x163.jpg 600w, https:\/\/www.partidogen.org.ar\/web\/wp-content\/uploads\/2015\/09\/347-900x244.jpg 900w\" sizes=\"auto, (max-width: 1232px) 100vw, 1232px\" \/><br \/>\n17\/09\/2015.<br \/>\n<strong><span class=\"first\">M<\/span>argarita Stolbizer, Candidata a Presidenta de la Naci\u00f3n por Progresistas, se reuni\u00f3 hoy con los trabajadores del INDEC que desde hace ya casi 9 a\u00f1os resisten frente a la intervenci\u00f3n y la p\u00e9rdida de estad\u00edsticas p\u00fablicas. <\/strong><\/p>\n<p>Durante el encuentro le expresaron a Stolbizer que vienen reclamando en reiteradas ocasiones respecto de las condiciones indispensables para iniciar cualquier proceso serio de recuperaci\u00f3n del organismo. Condiciones que fueron elaboradas, discutidas y votadas en asamblea general de trabajadores del INDEC. Entregaron el  documento que han hecho llegar a todos los candidatos presidenciales.<\/p>\n<p>Piden terminar con la intervenci\u00f3n y las fuerzas de choque dentro del organismo y que finalice la persecuci\u00f3n y la precarizaci\u00f3n laboral<\/p>\n<p>Por su parte, Stolbizer dio cuenta de la propuesta del espacio que lidera respecto al INDEC<\/p>\n<p><strong>A)<\/strong> Vamos a reformar el INDEC para asegurar que nunca m\u00e1s sea intervenido por el poder de turno. Ser\u00e1 un organismo descentralizado, con autonom\u00eda t\u00e9cnica y de gesti\u00f3n, y con presupuesto aut\u00f3nomo, fijado por la ley de presupuesto de la Naci\u00f3n.<\/p>\n<p><strong>B)<\/strong> Se separar\u00e1n de los cargos a todos lo que formaron parte de la intervenci\u00f3n del INDEC desde el a\u00f1o 2007 y se reincorporar\u00e1n a los directores y personal t\u00e9cnico cesanteados.<\/p>\n<p><strong>C)<\/strong> Se pondr\u00e1 en marcha el proceso de concursos para garantizar la profesionalidad y capacidad de los funcionarios<\/p>\n<p><strong>D)<\/strong> En un mes de gobierno, tendremos \u00edndices cre\u00edbles para conocer la real situaci\u00f3n del pa\u00eds, discutir los problemas en lugar de ignorarlos, y as\u00ed encontrar soluciones.<\/p>\n<p><strong>E)<\/strong> Con el nuevo \u00edndice de precios cre\u00edble para todos, podremos usarlo como marco de referencia para nuevos espacios de di\u00e1logo entre empresarios y trabajadores, para acordar precios y salarios a mediano plazo para reducir gradualmente la inflaci\u00f3n.<\/p>\n<p>La candidata presidencial de PROGRESISTAS manifest\u00f3: \u00abNo se puede definir una pol\u00edtica p\u00fablica sin estad\u00edsticas. Pero menos se puede combatir la inflaci\u00f3n o la pobreza sin reconocer los problemas por falta de medici\u00f3n. Este gobierno construy\u00f3 un relato basado en la mentira y la falsedad de los datos estad\u00edsticos. Vamos a recuperar el instituto, su prestigio, recuperando y jerarquizando a sus trabajadores.\u00bb<\/p>\n","protected":false},"excerpt":{"rendered":"<p>17\/09\/2015. Margarita Stolbizer, Candidata a Presidenta de la Naci\u00f3n por Progresistas, se reuni\u00f3 hoy con los trabajadores del INDEC que desde hace ya casi 9 a\u00f1os resisten frente a la intervenci\u00f3n y la p\u00e9rdida de estad\u00edsticas p\u00fablicas. Durante el encuentro le expresaron a Stolbizer que vienen reclamando en reiteradas ocasiones respecto de las condiciones indispensables [&hellip;]<\/p>\n","protected":false},"author":2,"featured_media":2971,"comment_status":"closed","ping_status":"closed","sticky":false,"template":"","format":"standard","meta":{"footnotes":""},"categories":[44,95,47],"tags":[],"class_list":["post-2970","post","type-post","status-publish","format-standard","has-post-thumbnail","hentry","category-actualidad","category-campana-presidencial-2015","category-margarita-stolbizer-diputados-nacionales"],"_links":{"self":[{"href":"https:\/\/www.partidogen.org.ar\/web\/wp-json\/wp\/v2\/posts\/2970","targetHints":{"allow":["GET"]}}],"collection":[{"href":"https:\/\/www.partidogen.org.ar\/web\/wp-json\/wp\/v2\/posts"}],"about":[{"href":"https:\/\/www.partidogen.org.ar\/web\/wp-json\/wp\/v2\/types\/post"}],"author":[{"embeddable":true,"href":"https:\/\/www.partidogen.org.ar\/web\/wp-json\/wp\/v2\/users\/2"}],"replies":[{"embeddable":true,"href":"https:\/\/www.partidogen.org.ar\/web\/wp-json\/wp\/v2\/comments?post=2970"}],"version-history":[{"count":0,"href":"https:\/\/www.partidogen.org.ar\/web\/wp-json\/wp\/v2\/posts\/2970\/revisions"}],"wp:featuredmedia":[{"embeddable":true,"href":"https:\/\/www.partidogen.org.ar\/web\/wp-json\/wp\/v2\/media\/2971"}],"wp:attachment":[{"href":"https:\/\/www.partidogen.org.ar\/web\/wp-json\/wp\/v2\/media?parent=2970"}],"wp:term":[{"taxonomy":"category","embeddable":true,"href":"https:\/\/www.partidogen.org.ar\/web\/wp-json\/wp\/v2\/categories?post=2970"},{"taxonomy":"post_tag","embeddable":true,"href":"https:\/\/www.partidogen.org.ar\/web\/wp-json\/wp\/v2\/tags?post=2970"}],"curies":[{"name":"wp","href":"https:\/\/api.w.org\/{rel}","templated":true}]}}