{"id":2626,"date":"2015-07-14T22:46:55","date_gmt":"2015-07-15T01:46:55","guid":{"rendered":"http:\/\/www.partidogen.org.ar\/web\/?p=2626"},"modified":"2015-07-17T15:19:28","modified_gmt":"2015-07-17T18:19:28","slug":"stolbizer-en-la-pampa-estuvo-en-castelar-santa-rosa-y-gral-pico","status":"publish","type":"post","link":"https:\/\/www.partidogen.org.ar\/web\/stolbizer-en-la-pampa-estuvo-en-castelar-santa-rosa-y-gral-pico\/","title":{"rendered":"STOLBIZER EN LA PAMPA. ESTUVO EN CASTELAR, SANTA ROSA Y GRAL. PICO"},"content":{"rendered":"<p><img loading=\"lazy\" decoding=\"async\" src=\"http:\/\/margaritastolbizer.com.ar\/wp-content\/uploads\/2015\/07\/310.jpg\" alt=\"STOLBIZER EN LA PAMPA. ESTUVO EN CASTELAR, SANTA ROSA Y GRAL. PICO\" width=\"526\" height=\"370\" class=\"alignright size-full wp-image-2991\" \/>14\/07\/2015.<br \/>\n<strong><span class=\"first\">L<\/span>a candidata a la presidencia de la Naci\u00f3n por PROGRESISTAS, Margarita Stolbizer,  aprovech\u00f3 su viaje en la Provincia de La Pampa para destacar la acci\u00f3n del Juez Bonad\u00edo y criticar a sus adversarios electorales. <\/strong> <\/p>\n<p>\u00abLa Presidenta deber\u00eda ser la ciudadana m\u00e1s destacada y ejemplar por tener sus papeles en orden. En cambio, el juez tiene que avanzar en la investigaci\u00f3n sobre cuentas y sociedades y negocios de la familia Kirchner, porque la irregularidad del manejo de las sociedades crea una presunci\u00f3n en contra que amerita analizar que es lo que pasa por debajo de ellas. La familia esta floja de papeles. \u00bb<\/p>\n<p>\u00abScioli justifica todo, quiere encubrir a M\u00e1ximo y entonces nos esta diciendo que \u00e9l podr\u00eda hacer lo mismo que los Kirchner han hecho hasta ahora. Y Macri sigue con la cabeza escondida como el avestruz sin decir nada sobre la corrupci\u00f3n. Tampoco est\u00e1 decidido a investigar ni a terminar con las malas pr\u00e1cticas. Argentina necesita Igualdad y Decencia.\u00bb<\/p>\n<p>En la ciudad Capital Stolbizer particip\u00f3 de una reuni\u00f3n con la Fundaci\u00f3n Chadileivu, y entonces se involucr\u00f3 en la problem\u00e1tica del agua que afecta el norte provincial. Tambi\u00e9n visito al rector de la universidad, atendi\u00f3 a la prensa y particip\u00f3 de un masivo acto en el Club Italiano junto a sus candidatos: Juan Carlos Passo (ex diputado y senador nacional del radicalismo) a Gobernador, Marcelo Piazza a senador nacional, Gabriela Vel\u00e1zquez a diputada nacional, Pepe Di Liscia, entre otros. <\/p>\n<p>Hoy continu\u00f3 su recorrida en Castex y luego hizo una caminata en Gral Pico donde convers\u00f3 con vecinos, comerciantes y recibi\u00f3 una c\u00e1lida recepci\u00f3n de la comunidad.<br \/>\n\u00abNuestra recorrida por La Argentina que queremos nos permite palpitar un gran apoyo de toda la mucha gente que quiere cambiar pero que no se dejara enga\u00f1ar por quienes representan lo mismo y nada van a cambiar. Pudimos conversar, conocer de cerca las problem\u00e1ticas, demandas y tambi\u00e9n las riquezas del interior, tan olvidado por el gobierno central que se apropia de los recursos de las provincias y afecta su autonom\u00eda y sus posibilidades de desarrollo. Vamos a trabajar por una reforma impositiva y por un federalismo m\u00e1s equitativo, cooperativo y solidario.\u00bb<\/p>\n","protected":false},"excerpt":{"rendered":"<p>14\/07\/2015. La candidata a la presidencia de la Naci\u00f3n por PROGRESISTAS, Margarita Stolbizer, aprovech\u00f3 su viaje en la Provincia de La Pampa para destacar la acci\u00f3n del Juez Bonad\u00edo y criticar a sus adversarios electorales. \u00abLa Presidenta deber\u00eda ser la ciudadana m\u00e1s destacada y ejemplar por tener sus papeles en orden. En cambio, el juez [&hellip;]<\/p>\n","protected":false},"author":2,"featured_media":2627,"comment_status":"closed","ping_status":"closed","sticky":false,"template":"","format":"standard","meta":{"footnotes":""},"categories":[44,95,70,47],"tags":[],"class_list":["post-2626","post","type-post","status-publish","format-standard","has-post-thumbnail","hentry","category-actualidad","category-campana-presidencial-2015","category-la-pampa","category-margarita-stolbizer-diputados-nacionales"],"_links":{"self":[{"href":"https:\/\/www.partidogen.org.ar\/web\/wp-json\/wp\/v2\/posts\/2626","targetHints":{"allow":["GET"]}}],"collection":[{"href":"https:\/\/www.partidogen.org.ar\/web\/wp-json\/wp\/v2\/posts"}],"about":[{"href":"https:\/\/www.partidogen.org.ar\/web\/wp-json\/wp\/v2\/types\/post"}],"author":[{"embeddable":true,"href":"https:\/\/www.partidogen.org.ar\/web\/wp-json\/wp\/v2\/users\/2"}],"replies":[{"embeddable":true,"href":"https:\/\/www.partidogen.org.ar\/web\/wp-json\/wp\/v2\/comments?post=2626"}],"version-history":[{"count":0,"href":"https:\/\/www.partidogen.org.ar\/web\/wp-json\/wp\/v2\/posts\/2626\/revisions"}],"wp:featuredmedia":[{"embeddable":true,"href":"https:\/\/www.partidogen.org.ar\/web\/wp-json\/wp\/v2\/media\/2627"}],"wp:attachment":[{"href":"https:\/\/www.partidogen.org.ar\/web\/wp-json\/wp\/v2\/media?parent=2626"}],"wp:term":[{"taxonomy":"category","embeddable":true,"href":"https:\/\/www.partidogen.org.ar\/web\/wp-json\/wp\/v2\/categories?post=2626"},{"taxonomy":"post_tag","embeddable":true,"href":"https:\/\/www.partidogen.org.ar\/web\/wp-json\/wp\/v2\/tags?post=2626"}],"curies":[{"name":"wp","href":"https:\/\/api.w.org\/{rel}","templated":true}]}}