{"id":2452,"date":"2015-07-04T21:15:39","date_gmt":"2015-07-05T00:15:39","guid":{"rendered":"http:\/\/www.partidogen.org.ar\/web\/?p=2452"},"modified":"2015-07-10T18:25:32","modified_gmt":"2015-07-10T21:25:32","slug":"stolbizer-recorrio-la-provincia-de-buenos-aires-proponiendo-igualdad-y-decencia","status":"publish","type":"post","link":"https:\/\/www.partidogen.org.ar\/web\/stolbizer-recorrio-la-provincia-de-buenos-aires-proponiendo-igualdad-y-decencia\/","title":{"rendered":"STOLBIZER RECORRI\u00d3 BUENOS AIRES PROPONIENDO IGUALDAD Y DECENCIA"},"content":{"rendered":"<p><img loading=\"lazy\" decoding=\"async\" src=\"http:\/\/www.partidogen.org.ar\/web\/wp-content\/uploads\/2015\/07\/288.jpg\" alt=\"STOLBIZER RECORRI\u00d3 LA PROVINCIA DE BUENOS AIRES PROPONIENDO IGUALDAD Y DECENCIA\" width=\"1232\" height=\"335\" class=\"alignnone size-full wp-image-2453\" srcset=\"https:\/\/www.partidogen.org.ar\/web\/wp-content\/uploads\/2015\/07\/288.jpg 1232w, https:\/\/www.partidogen.org.ar\/web\/wp-content\/uploads\/2015\/07\/288-300x81.jpg 300w, https:\/\/www.partidogen.org.ar\/web\/wp-content\/uploads\/2015\/07\/288-1024x278.jpg 1024w, https:\/\/www.partidogen.org.ar\/web\/wp-content\/uploads\/2015\/07\/288-100x27.jpg 100w, https:\/\/www.partidogen.org.ar\/web\/wp-content\/uploads\/2015\/07\/288-150x40.jpg 150w, https:\/\/www.partidogen.org.ar\/web\/wp-content\/uploads\/2015\/07\/288-200x54.jpg 200w, https:\/\/www.partidogen.org.ar\/web\/wp-content\/uploads\/2015\/07\/288-450x122.jpg 450w, https:\/\/www.partidogen.org.ar\/web\/wp-content\/uploads\/2015\/07\/288-600x163.jpg 600w, https:\/\/www.partidogen.org.ar\/web\/wp-content\/uploads\/2015\/07\/288-900x244.jpg 900w\" sizes=\"auto, (max-width: 1232px) 100vw, 1232px\" \/><br \/>\n04\/07\/15.<br \/>\n<strong><span class=\"first\">M<\/span>argarita Stolbizer, candidata a Presidenta de <em>PROGRESISTAS<\/em>, estuvo junto al Diputado Nacional Omar Ducl\u00f3s que encabeza la lista para su reelecci\u00f3n y a Jaime Linares y Juan Carlos Pugliese, candidatos a Gobernador y Vicegobernador realizando una gira con el Margam\u00f3vil, por el centro de la provincia de Buenos Aires.<\/strong><\/p>\n<p>El viernes estuvo en Olavarr\u00eda y Azul en donde tuvo una importante recepci\u00f3n en los medios de comunicaci\u00f3n local y regional. Y hoy concluy\u00f3 en Tandil.<\/p>\n<p>\u00abEn todas nuestras recorridas buscamos darle sentido y contenido al Progresismo. Y nos mostramos como una opci\u00f3n de gobierno serio, previsible, con una visi\u00f3n estrat\u00e9gica y global de tal manera que los pa\u00edses reciben inversiones, producen, crecen y generan empleo. Lo hacemos mirando los gobiernos socialistas de Uruguay y Chile. Con la Igualdad como horizonte, y la Decencia como pr\u00e1ctica, podemos construir la Argentina que todos queremos, para vivir mejor\u00bb.<\/p>\n<p>Stolbizer tambi\u00e9n busca reunir en sus presentaciones algunos s\u00edmbolos de identidad, como es la austeridad y diagn\u00f3sticos correctos sobre la realidad nacional, as\u00ed como sus propuestas de gobierno para el corto y el mediano plazo. <\/p>\n<p>El primer d\u00eda de la gira Stolbizer y Pugliese visitaron FECOBA, la Federaci\u00f3n de Cooperativas El\u00e9ctricas y de Servicios de la provincia de Buenos Aires y por la tarde encabezaron una nutrida reuni\u00f3n con la comunidad educativa, docentes, directivos, inspectores, representantes gremiales, que se refirieron a las problem\u00e1ticas que afectan a las distintas ramas de la ense\u00f1anza, especial, inicial, primaria, secundaria, terciario, formaci\u00f3n docente, ruralidad, entre otras cuestiones.<\/p>\n<p>\u00abPara llevar adelante nuestra propuesta basada en la Igualdad y la Decencia es fundamental hablar de una profunda transformaci\u00f3n del sistema educativo y de los procedimientos de ense\u00f1anza. Pero tambi\u00e9n hoy es necesario empezar a atender que los j\u00f3venes se educan a trav\u00e9s de los medios de comunicaci\u00f3n. La TV, como la computadora y el internet tienen hoy un poder de influencia en los chicos casi m\u00e1s fuerte que el docente en el aula. Y por eso tambi\u00e9n es necesario construir una cultura de valores y una pr\u00e1ctica de ejemplos para discutir el proyecto de pa\u00eds y el modelo de sociedad que queremos dejarles\u00bb.<\/p>\n<p>El candidato a Gobernador Jaime Linares expres\u00f3 durante la gira que: \u201cNuestra primera medida, si llegamos al Gobierno, ser\u00e1 convocar a un Congreso Pedag\u00f3gico para debatir la falta de educaci\u00f3n p\u00fablica de calidad. Con Juan Carlos Pugliese nos preparamos para gobernar con Decencia e Igualdad\u201d.<\/p>\n<p>\u201cLa ca\u00edda en la calidad educativa, el empobrecimiento de la salud p\u00fablica, la inseguridad, la impunidad en crecimiento es responsabilidad de quienes gobernaron la provincia de Buenos Aires en los \u00faltimos 28 a\u00f1os, por eso quienes fueron parte del problema hoy no pueden ser parte de la soluci\u00f3n\u201d.<\/p>\n<p>En Tandil, Stolbizer recorri\u00f3 una f\u00e1brica de quesos, se reuni\u00f3n con un conjunto de organizaciones sociales y visito al intendente radical Miguel Lunghi. <\/p>\n<p>[wpsgallery]<\/p>\n","protected":false},"excerpt":{"rendered":"<p>Margarita Stolbizer, candidata a Presidenta de PROGRESISTAS, estuvo junto al Diputado Nacional Omar Ducl\u00f3s que encabeza la lista para su reelecci\u00f3n y a Jaime Linares y Juan Carlos Pugliese, candidatos a Gobernador y Vicegobernador realizando una gira con el Margam\u00f3vil, por el centro de la provincia de Buenos Aires.<\/p>\n","protected":false},"author":2,"featured_media":2453,"comment_status":"closed","ping_status":"closed","sticky":false,"template":"","format":"standard","meta":{"footnotes":""},"categories":[44,95],"tags":[],"class_list":["post-2452","post","type-post","status-publish","format-standard","has-post-thumbnail","hentry","category-actualidad","category-campana-presidencial-2015"],"_links":{"self":[{"href":"https:\/\/www.partidogen.org.ar\/web\/wp-json\/wp\/v2\/posts\/2452","targetHints":{"allow":["GET"]}}],"collection":[{"href":"https:\/\/www.partidogen.org.ar\/web\/wp-json\/wp\/v2\/posts"}],"about":[{"href":"https:\/\/www.partidogen.org.ar\/web\/wp-json\/wp\/v2\/types\/post"}],"author":[{"embeddable":true,"href":"https:\/\/www.partidogen.org.ar\/web\/wp-json\/wp\/v2\/users\/2"}],"replies":[{"embeddable":true,"href":"https:\/\/www.partidogen.org.ar\/web\/wp-json\/wp\/v2\/comments?post=2452"}],"version-history":[{"count":0,"href":"https:\/\/www.partidogen.org.ar\/web\/wp-json\/wp\/v2\/posts\/2452\/revisions"}],"wp:featuredmedia":[{"embeddable":true,"href":"https:\/\/www.partidogen.org.ar\/web\/wp-json\/wp\/v2\/media\/2453"}],"wp:attachment":[{"href":"https:\/\/www.partidogen.org.ar\/web\/wp-json\/wp\/v2\/media?parent=2452"}],"wp:term":[{"taxonomy":"category","embeddable":true,"href":"https:\/\/www.partidogen.org.ar\/web\/wp-json\/wp\/v2\/categories?post=2452"},{"taxonomy":"post_tag","embeddable":true,"href":"https:\/\/www.partidogen.org.ar\/web\/wp-json\/wp\/v2\/tags?post=2452"}],"curies":[{"name":"wp","href":"https:\/\/api.w.org\/{rel}","templated":true}]}}