{"id":2443,"date":"2015-07-02T19:55:53","date_gmt":"2015-07-02T22:55:53","guid":{"rendered":"http:\/\/www.partidogen.org.ar\/web\/?p=2443"},"modified":"2015-07-09T13:56:27","modified_gmt":"2015-07-09T16:56:27","slug":"stolbizer-expuso-en-el-encuentro-anual-de-acde-sobre-el-valor-de-la-justicia","status":"publish","type":"post","link":"https:\/\/www.partidogen.org.ar\/web\/stolbizer-expuso-en-el-encuentro-anual-de-acde-sobre-el-valor-de-la-justicia\/","title":{"rendered":"STOLBIZER EXPUSO EN EL ENCUENTRO ANUAL DE ACDE SOBRE \u00abEL VALOR DE LA JUSTICIA\u00bb"},"content":{"rendered":"<p><img loading=\"lazy\" decoding=\"async\" src=\"http:\/\/www.partidogen.org.ar\/web\/wp-content\/uploads\/2015\/07\/287.jpg\" alt=\"Margarita Stolbizer\" width=\"1232\" height=\"335\" class=\"alignnone size-full wp-image-2444\" srcset=\"https:\/\/www.partidogen.org.ar\/web\/wp-content\/uploads\/2015\/07\/287.jpg 1232w, https:\/\/www.partidogen.org.ar\/web\/wp-content\/uploads\/2015\/07\/287-300x81.jpg 300w, https:\/\/www.partidogen.org.ar\/web\/wp-content\/uploads\/2015\/07\/287-1024x278.jpg 1024w, https:\/\/www.partidogen.org.ar\/web\/wp-content\/uploads\/2015\/07\/287-100x27.jpg 100w, https:\/\/www.partidogen.org.ar\/web\/wp-content\/uploads\/2015\/07\/287-150x40.jpg 150w, https:\/\/www.partidogen.org.ar\/web\/wp-content\/uploads\/2015\/07\/287-200x54.jpg 200w, https:\/\/www.partidogen.org.ar\/web\/wp-content\/uploads\/2015\/07\/287-450x122.jpg 450w, https:\/\/www.partidogen.org.ar\/web\/wp-content\/uploads\/2015\/07\/287-600x163.jpg 600w, https:\/\/www.partidogen.org.ar\/web\/wp-content\/uploads\/2015\/07\/287-900x244.jpg 900w\" sizes=\"auto, (max-width: 1232px) 100vw, 1232px\" \/><br \/>\n02\/07\/2015.<br \/>\n<strong><span class=\"first\">L<\/span>a candidata a la Presidencia de la Naci\u00f3n por <em>PROGRESISTAS<\/em>, Margarita Stolbizer, particip\u00f3 del XVIII encuentro anual de la Asociaci\u00f3n Cristiana de Dirigentes de Empresa (ACDE) bajo el lema \u00abEl valor de la justicia\u00bb, una condici\u00f3n para el desarrollo social, llevado a cabo en la UCA. Recibida por el Presidente de ACDE, Juan Pablo Sim\u00f3n Padr\u00f3s y el Presidente del encuentro anual, Guillermo Lipera. Stolbizer expuso ante un auditorio colmado sobre sus propuestas para mejorar el acceso a la justicia a los sectores vulnerables, medidas para fortalecer la independencia judicial y sobre c\u00f3mo lograr una justicia m\u00e1s eficaz.<\/strong><\/p>\n<p>Stolbizer advirti\u00f3 que lo primordial es poner a la justicia en la centralidad de la agenda. \u00abLa idea con la que se inici\u00f3 esta propuesta de ACDE es que \u00e9ste fuera el debate de candidatos frente a la importancia que tiene hoy en la Argentina el tema de la justicia frente a un cambio de gobierno. Sin embargo, los otros candidatos presidenciales eligieron bailar en un programa de televisi\u00f3n antes que venir a debatir \u00ab.<\/p>\n<p>\u00abNo se puede discutir una pol\u00edtica p\u00fablica si no hay un diagn\u00f3stico com\u00fan entre las fuerzas pol\u00edticas democr\u00e1ticas, debe ser un di\u00e1logo maduro, serio y honesto. Venimos de un deterioro enorme de la calidad institucional por reformas que se impusieron verticalmente y no hay dudas que la cooptaci\u00f3n del sistema de justicia ha sido el objetivo m\u00e1s codiciado de este gobierno. Luego de esas reformas no s\u00f3lo tenemos una justicia lenta, ineficaz, sino m\u00e1s condicionada, sospechada y en algunos casos c\u00f3mplice\u00bb, y agreg\u00f3: \u00abHay una falta de acceso a la justicia en los sectores m\u00e1s vulnerables. No s\u00f3lo por problemas de los operadores del sistema judicial, sino por un mercado que desiguala y un estado ausente e impotente para garantizar la igualdad\u00bb.<\/p>\n<p>El rol de la justicia independiente fue otro de t\u00f3picos, al respecto Stolbizer afirm\u00f3: \u00abEste gobierno ha demostrado que siempre va por m\u00e1s. Entre los instrumentos para garantizar independencia de los jueces, sus nombramientos. Ya hemos denunciado la manipulaci\u00f3n con relaci\u00f3n a los fiscales. No terminamos de asombrarnos con lo que se hace con los jueces. Designaron a cargo de la justicia federal electoral en la Provincia de Buenos Aires a un Secretario, que ni siquiera ten\u00eda designaci\u00f3n de Juez y hab\u00eda salido n\u00famero 22 en el orden de m\u00e9rito. Me refiero a Dur\u00e1n. Ahora designaron a Kreplak, un aportante de la campa\u00f1a de los Kirchner en el a\u00f1o 2013, \u00bfDe qu\u00e9 independencia de la justicia estamos hablando? Y tenemos hoy la remoci\u00f3n del Juez Cabral, s\u00f3lo porque el gobierno entend\u00eda que iba a emitir un fallo contrario a sus intereses. El primer mecanismo que garantiza la independencia de los jueces son los nombramientos, hay que reformar el sistema de designaciones. Tambi\u00e9n se debe poner en la agenda la intangibilidad de los salarios de los jueces, es imposible que en nuestro pa\u00eds, con una enorme presi\u00f3n fiscal sobre los trabajadores, los jueces no pagan impuesto a las ganancias\u00bb<\/p>\n<p>\u00abFinalmente, la otra gran deuda de la justicia es su actuaci\u00f3n frente a la corrupci\u00f3n. Los dos pilares de la propuesta de nuestro espacio Progresistas son Igualdad y Decencia; y no es hablar de una obviedad cuando en nuestro pa\u00eds tenemos un vicepresidente, (y a veces presidente de la Naci\u00f3n), procesado por coimero. Como sociedad tenemos que hacernos cargo y ver a quien le delegamos el futuro de pa\u00eds que queremos, es necesario un cambio \u00e9tico y moral\u00bb.<\/p>\n<p>[wpsgallery]<\/p>\n","protected":false},"excerpt":{"rendered":"<p>\u00abLos otros candidatos eligen bailar en un programa de televisi\u00f3n y no vienen a este lugar a debatir sobre la justicia\u00bb<\/p>\n","protected":false},"author":2,"featured_media":2444,"comment_status":"closed","ping_status":"closed","sticky":false,"template":"","format":"standard","meta":{"footnotes":""},"categories":[44,95],"tags":[],"class_list":["post-2443","post","type-post","status-publish","format-standard","has-post-thumbnail","hentry","category-actualidad","category-campana-presidencial-2015"],"_links":{"self":[{"href":"https:\/\/www.partidogen.org.ar\/web\/wp-json\/wp\/v2\/posts\/2443","targetHints":{"allow":["GET"]}}],"collection":[{"href":"https:\/\/www.partidogen.org.ar\/web\/wp-json\/wp\/v2\/posts"}],"about":[{"href":"https:\/\/www.partidogen.org.ar\/web\/wp-json\/wp\/v2\/types\/post"}],"author":[{"embeddable":true,"href":"https:\/\/www.partidogen.org.ar\/web\/wp-json\/wp\/v2\/users\/2"}],"replies":[{"embeddable":true,"href":"https:\/\/www.partidogen.org.ar\/web\/wp-json\/wp\/v2\/comments?post=2443"}],"version-history":[{"count":0,"href":"https:\/\/www.partidogen.org.ar\/web\/wp-json\/wp\/v2\/posts\/2443\/revisions"}],"wp:featuredmedia":[{"embeddable":true,"href":"https:\/\/www.partidogen.org.ar\/web\/wp-json\/wp\/v2\/media\/2444"}],"wp:attachment":[{"href":"https:\/\/www.partidogen.org.ar\/web\/wp-json\/wp\/v2\/media?parent=2443"}],"wp:term":[{"taxonomy":"category","embeddable":true,"href":"https:\/\/www.partidogen.org.ar\/web\/wp-json\/wp\/v2\/categories?post=2443"},{"taxonomy":"post_tag","embeddable":true,"href":"https:\/\/www.partidogen.org.ar\/web\/wp-json\/wp\/v2\/tags?post=2443"}],"curies":[{"name":"wp","href":"https:\/\/api.w.org\/{rel}","templated":true}]}}