{"id":2435,"date":"2015-06-30T15:19:48","date_gmt":"2015-06-30T18:19:48","guid":{"rendered":"http:\/\/www.partidogen.org.ar\/web\/?p=2435"},"modified":"2015-07-08T19:11:27","modified_gmt":"2015-07-08T22:11:27","slug":"stolbizer-llevo-su-propuesta-a-la-camara-argentina-de-comercio","status":"publish","type":"post","link":"https:\/\/www.partidogen.org.ar\/web\/stolbizer-llevo-su-propuesta-a-la-camara-argentina-de-comercio\/","title":{"rendered":"STOLBIZER LLEV\u00d3 SU PROPUESTA A LA C\u00c1MARA ARGENTINA DE COMERCIO"},"content":{"rendered":"<p><img loading=\"lazy\" decoding=\"async\" src=\"http:\/\/www.partidogen.org.ar\/web\/wp-content\/uploads\/2015\/06\/286.jpg\" alt=\"STOLBIZER LLEV\u00d3 SU PROPUESTA A LA C\u00c1MARA ARGENTINA DE COMERCIO\" width=\"1232\" height=\"335\" class=\"alignnone size-full wp-image-2437\" srcset=\"https:\/\/www.partidogen.org.ar\/web\/wp-content\/uploads\/2015\/06\/286.jpg 1232w, https:\/\/www.partidogen.org.ar\/web\/wp-content\/uploads\/2015\/06\/286-300x81.jpg 300w, https:\/\/www.partidogen.org.ar\/web\/wp-content\/uploads\/2015\/06\/286-1024x278.jpg 1024w, https:\/\/www.partidogen.org.ar\/web\/wp-content\/uploads\/2015\/06\/286-100x27.jpg 100w, https:\/\/www.partidogen.org.ar\/web\/wp-content\/uploads\/2015\/06\/286-150x40.jpg 150w, https:\/\/www.partidogen.org.ar\/web\/wp-content\/uploads\/2015\/06\/286-200x54.jpg 200w, https:\/\/www.partidogen.org.ar\/web\/wp-content\/uploads\/2015\/06\/286-450x122.jpg 450w, https:\/\/www.partidogen.org.ar\/web\/wp-content\/uploads\/2015\/06\/286-600x163.jpg 600w, https:\/\/www.partidogen.org.ar\/web\/wp-content\/uploads\/2015\/06\/286-900x244.jpg 900w\" sizes=\"auto, (max-width: 1232px) 100vw, 1232px\" \/><br \/>\n30\/06\/2015.<br \/>\n<strong><span class=\"first\">L<\/span>a candidata a la Presidencia de la Naci\u00f3n por PROGRESISTAS, Margarita Stolbizer, fue recibida por toda la c\u00fapula de la C\u00e1mara Argentina de Comercio, presidida por Carlos de la Vega, en la sede de la Instituci\u00f3n. All\u00ed se refiri\u00f3 a la propuesta de gobierno y tambi\u00e9n hizo un an\u00e1lisis del escenario electoral y las herencias que deja el kirchnerismo: \u00abbaja institucionalidad, inflaci\u00f3n, pobreza y altos niveles de confrontaci\u00f3n. Nuestra Naci\u00f3n necesita pasar a una cultura de di\u00e1logo y cooperaci\u00f3n, porque el crimen organizado se cuela en las grietas que dejan las instituciones fr\u00e1giles\u00bb.<\/strong><\/p>\n<p>Stolbizer expuso sus objetivos de pol\u00edtica econ\u00f3mica: recuperar crecimiento econ\u00f3mico, inversiones privadas para generar empleo y reducir la pobreza, reducir gradualmente la inflaci\u00f3n y reinsertar a la Argentina en el mundo. \u00abLos pilares de nuestra propuesta son Igualdad y Decencia. Para que todas las personas tengan las mismas posibilidades de progreso, en condiciones garantizadas por el estado. Y porque los gobiernos deshonestos no conducen a sus pueblos hacia un modelo de desarrollo colectivo. De ah\u00ed bajamos a las propuestas concretas para ese modelo que se basa en la articulaci\u00f3n de la educaci\u00f3n de calidad y el trabajo digno\u00bb.<\/p>\n<p>\u00abLas consecuencias sociales m\u00e1s complejas que atravesamos son la consecuencia del impacto que han tenido las malas decisiones de pol\u00edtica econ\u00f3mica. Es urgente corregir algunas de ellas. Pero mienten quienes ofrecen soluciones m\u00e1gicas. Hay que pensar en gradualismo y visi\u00f3n estrat\u00e9gica de mediano plazo para recuperar previsibilidad a trav\u00e9s de reglas de juego estables\u00bb, finaliz\u00f3 Stolbizer.<\/p>\n","protected":false},"excerpt":{"rendered":"<p>Fue acompa\u00f1ada por el Diputado Nacional Manuel Garrido y el Presidente del Consejo Econ\u00f3mico Social de CABA Sergio Abrevaya.<\/p>\n","protected":false},"author":2,"featured_media":2437,"comment_status":"closed","ping_status":"closed","sticky":false,"template":"","format":"standard","meta":{"footnotes":""},"categories":[44,95],"tags":[],"class_list":["post-2435","post","type-post","status-publish","format-standard","has-post-thumbnail","hentry","category-actualidad","category-campana-presidencial-2015"],"_links":{"self":[{"href":"https:\/\/www.partidogen.org.ar\/web\/wp-json\/wp\/v2\/posts\/2435","targetHints":{"allow":["GET"]}}],"collection":[{"href":"https:\/\/www.partidogen.org.ar\/web\/wp-json\/wp\/v2\/posts"}],"about":[{"href":"https:\/\/www.partidogen.org.ar\/web\/wp-json\/wp\/v2\/types\/post"}],"author":[{"embeddable":true,"href":"https:\/\/www.partidogen.org.ar\/web\/wp-json\/wp\/v2\/users\/2"}],"replies":[{"embeddable":true,"href":"https:\/\/www.partidogen.org.ar\/web\/wp-json\/wp\/v2\/comments?post=2435"}],"version-history":[{"count":0,"href":"https:\/\/www.partidogen.org.ar\/web\/wp-json\/wp\/v2\/posts\/2435\/revisions"}],"wp:featuredmedia":[{"embeddable":true,"href":"https:\/\/www.partidogen.org.ar\/web\/wp-json\/wp\/v2\/media\/2437"}],"wp:attachment":[{"href":"https:\/\/www.partidogen.org.ar\/web\/wp-json\/wp\/v2\/media?parent=2435"}],"wp:term":[{"taxonomy":"category","embeddable":true,"href":"https:\/\/www.partidogen.org.ar\/web\/wp-json\/wp\/v2\/categories?post=2435"},{"taxonomy":"post_tag","embeddable":true,"href":"https:\/\/www.partidogen.org.ar\/web\/wp-json\/wp\/v2\/tags?post=2435"}],"curies":[{"name":"wp","href":"https:\/\/api.w.org\/{rel}","templated":true}]}}