{"id":2424,"date":"2015-06-29T18:39:01","date_gmt":"2015-06-29T21:39:01","guid":{"rendered":"http:\/\/www.partidogen.org.ar\/web\/?p=2424"},"modified":"2015-07-04T21:22:15","modified_gmt":"2015-07-05T00:22:15","slug":"stolbizer-estuvo-hoy-en-la-reunion-de-la-asociacion-de-magistrados","status":"publish","type":"post","link":"https:\/\/www.partidogen.org.ar\/web\/stolbizer-estuvo-hoy-en-la-reunion-de-la-asociacion-de-magistrados\/","title":{"rendered":"Stolbizer estuvo hoy en la reuni\u00f3n de la Asociaci\u00f3n de Magistrados"},"content":{"rendered":"<p>CONVOCAMOS A UNA MANIFESTACI\u00d3N POPULAR POR LA INDEPENDENCIA DE LA JUSTICIA<br \/>\n<img loading=\"lazy\" decoding=\"async\" src=\"http:\/\/www.partidogen.org.ar\/web\/wp-content\/uploads\/2015\/06\/284.jpg\" alt=\"Stolbizer estuvo hoy en la reuni\u00f3n de la Asociaci\u00f3n de Magistrados\" width=\"1232\" height=\"335\" class=\"alignnone size-full wp-image-2425\" srcset=\"https:\/\/www.partidogen.org.ar\/web\/wp-content\/uploads\/2015\/06\/284.jpg 1232w, https:\/\/www.partidogen.org.ar\/web\/wp-content\/uploads\/2015\/06\/284-300x81.jpg 300w, https:\/\/www.partidogen.org.ar\/web\/wp-content\/uploads\/2015\/06\/284-1024x278.jpg 1024w, https:\/\/www.partidogen.org.ar\/web\/wp-content\/uploads\/2015\/06\/284-100x27.jpg 100w, https:\/\/www.partidogen.org.ar\/web\/wp-content\/uploads\/2015\/06\/284-150x40.jpg 150w, https:\/\/www.partidogen.org.ar\/web\/wp-content\/uploads\/2015\/06\/284-200x54.jpg 200w, https:\/\/www.partidogen.org.ar\/web\/wp-content\/uploads\/2015\/06\/284-450x122.jpg 450w, https:\/\/www.partidogen.org.ar\/web\/wp-content\/uploads\/2015\/06\/284-600x163.jpg 600w, https:\/\/www.partidogen.org.ar\/web\/wp-content\/uploads\/2015\/06\/284-900x244.jpg 900w\" sizes=\"auto, (max-width: 1232px) 100vw, 1232px\" \/><br \/>\n29\/06\/2015.<br \/>\n<strong><span class=\"first\">L<\/span>a candidata a la Presidencia de la Naci\u00f3n por PROGRESISTAS, Margarita Stolbizer, particip\u00f3 esta tarde de la reuni\u00f3n convocada por la Asociaci\u00f3n de Magistrados en la que se decidi\u00f3 hacer una convocatoria ciudadana en defensa de la independencia de la Justicia. De dicha reuni\u00f3n participaron jueces y fiscales, y tambi\u00e9n representantes de diversos partidos pol\u00edticos.<\/strong> <\/p>\n<p>\u00abComo ya lo venimos diciendo, el kirchnerismo ha sobrepasado todos los l\u00edmites y pone la institucionalidad al borde por una remoci\u00f3n inconstitucional que debe tener como respuesta la movilizaci\u00f3n y el rechazo de la sociedad. Lo que est\u00e1 en juego no es simplemente una cuesti\u00f3n de estabilidad de los jueces (aun cuando esto es una garant\u00eda constitucional). Lo que est\u00e1 en cuesti\u00f3n es la vigencia del estado de derecho y los derechos de todas las personas que sufren el atropello y podr\u00edan quedar indefensas frente a los comportamientos abusivos. Esta cuesti\u00f3n est\u00e1 vinculada con la ley que des-responsabiliz\u00f3 a los funcionarios por actos irregulares y tambi\u00e9n busca tener jueces funcionales al servicio del proyecto oficialista que puedan asegurar la impunidad de quienes hoy son investigados por hechos de corrupci\u00f3n.\u00bb<\/p>\n<p>\u00abNuestra preocupaci\u00f3n es la vigencia de una justicia que garantice el funcionamiento constitucional de las instituciones y la vigencia plena de todos los derechos a todas las personas. El juego del kirchnerismo para tener una justicia adicta pone en riesgo ambas cosas. Y por eso es necesario convocar a una gran manifestaci\u00f3n popular para frenar el atropello.\u00bb<\/p>\n","protected":false},"excerpt":{"rendered":"<p>CONVOCAMOS A UNA MANIFESTACI\u00d3N POPULAR POR LA INDEPENDENCIA DE LA JUSTICIA<\/p>\n","protected":false},"author":2,"featured_media":2425,"comment_status":"closed","ping_status":"closed","sticky":false,"template":"","format":"standard","meta":{"footnotes":""},"categories":[44,95,47],"tags":[],"class_list":["post-2424","post","type-post","status-publish","format-standard","has-post-thumbnail","hentry","category-actualidad","category-campana-presidencial-2015","category-margarita-stolbizer-diputados-nacionales"],"_links":{"self":[{"href":"https:\/\/www.partidogen.org.ar\/web\/wp-json\/wp\/v2\/posts\/2424","targetHints":{"allow":["GET"]}}],"collection":[{"href":"https:\/\/www.partidogen.org.ar\/web\/wp-json\/wp\/v2\/posts"}],"about":[{"href":"https:\/\/www.partidogen.org.ar\/web\/wp-json\/wp\/v2\/types\/post"}],"author":[{"embeddable":true,"href":"https:\/\/www.partidogen.org.ar\/web\/wp-json\/wp\/v2\/users\/2"}],"replies":[{"embeddable":true,"href":"https:\/\/www.partidogen.org.ar\/web\/wp-json\/wp\/v2\/comments?post=2424"}],"version-history":[{"count":0,"href":"https:\/\/www.partidogen.org.ar\/web\/wp-json\/wp\/v2\/posts\/2424\/revisions"}],"wp:featuredmedia":[{"embeddable":true,"href":"https:\/\/www.partidogen.org.ar\/web\/wp-json\/wp\/v2\/media\/2425"}],"wp:attachment":[{"href":"https:\/\/www.partidogen.org.ar\/web\/wp-json\/wp\/v2\/media?parent=2424"}],"wp:term":[{"taxonomy":"category","embeddable":true,"href":"https:\/\/www.partidogen.org.ar\/web\/wp-json\/wp\/v2\/categories?post=2424"},{"taxonomy":"post_tag","embeddable":true,"href":"https:\/\/www.partidogen.org.ar\/web\/wp-json\/wp\/v2\/tags?post=2424"}],"curies":[{"name":"wp","href":"https:\/\/api.w.org\/{rel}","templated":true}]}}