{"id":2414,"date":"2015-06-29T16:13:27","date_gmt":"2015-06-29T19:13:27","guid":{"rendered":"http:\/\/www.partidogen.org.ar\/web\/?p=2414"},"modified":"2015-07-02T20:29:12","modified_gmt":"2015-07-02T23:29:12","slug":"stolbizer-con-jovenes-intelectuales","status":"publish","type":"post","link":"https:\/\/www.partidogen.org.ar\/web\/stolbizer-con-jovenes-intelectuales\/","title":{"rendered":"Stolbizer con j\u00f3venes intelectuales"},"content":{"rendered":"<p><img loading=\"lazy\" decoding=\"async\" src=\"http:\/\/www.partidogen.org.ar\/web\/wp-content\/uploads\/2015\/06\/283.jpg\" alt=\"Stolbizer con j\u00f3venes intelectuales en CEDES\" width=\"1232\" height=\"335\" class=\"alignnone size-full wp-image-2415\" srcset=\"https:\/\/www.partidogen.org.ar\/web\/wp-content\/uploads\/2015\/06\/283.jpg 1232w, https:\/\/www.partidogen.org.ar\/web\/wp-content\/uploads\/2015\/06\/283-300x81.jpg 300w, https:\/\/www.partidogen.org.ar\/web\/wp-content\/uploads\/2015\/06\/283-1024x278.jpg 1024w, https:\/\/www.partidogen.org.ar\/web\/wp-content\/uploads\/2015\/06\/283-100x27.jpg 100w, https:\/\/www.partidogen.org.ar\/web\/wp-content\/uploads\/2015\/06\/283-150x40.jpg 150w, https:\/\/www.partidogen.org.ar\/web\/wp-content\/uploads\/2015\/06\/283-200x54.jpg 200w, https:\/\/www.partidogen.org.ar\/web\/wp-content\/uploads\/2015\/06\/283-450x122.jpg 450w, https:\/\/www.partidogen.org.ar\/web\/wp-content\/uploads\/2015\/06\/283-600x163.jpg 600w, https:\/\/www.partidogen.org.ar\/web\/wp-content\/uploads\/2015\/06\/283-900x244.jpg 900w\" sizes=\"auto, (max-width: 1232px) 100vw, 1232px\" \/><br \/>\n29\/06\/2015<br \/>\n<strong><span class=\"first\">L<\/span>a candidata a Presidenta de la Naci\u00f3n por PROGRESISTAS, Margarita Stolbizer, se reuni\u00f3 esta ma\u00f1ana en la sede del Centro de Estudios de Estado y Sociedad (CEDES), con j\u00f3venes intelectuales para conversar y debatir sobre las expectativas de la pol\u00edtica en el pa\u00eds y los desaf\u00edos del progresismo. Manuel Garrido, candidato a diputado nacional por CABA  tambi\u00e9n particip\u00f3 del encuentro coordinada por Gabriel Puricelli, del Laboratorio de Pol\u00edticas P\u00fablicas, y Rafael Gentili, l\u00edder del espacio Izquierda Democr\u00e1tica y candidato a diputado nacional por CABA de PROGRESISTAS.<\/strong><\/p>\n<p>Gentili  en la apertura se\u00f1al\u00f3 que su partido se integr\u00f3 al espacio de Stolbizer porque comparte posturas y se siente representado con ella por su trayectoria pol\u00edtica. \u00abHay  necesidad de un espacio de centro izquierda que ponga a la igualdad y a la decencia como pilares y ejes de trabajo\u00bb.<\/p>\n<p>Stolbizer por su parte manifest\u00f3 que \u00abeste espacio pol\u00edtico de centro izquierda perdurar\u00e1 en el tiempo m\u00e1s all\u00e1 de este a\u00f1o electoral. Hoy los que estamos en las candidaturas somos expresiones de ideas que nos trascienden. Estamos haciendo un camino de construcci\u00f3n para ocupar una vacancia que han dejado los otros, todos replegados hacia propuestas populistas y conservadoras.  Pensamos en las generaciones que vienen\u00bb.<\/p>\n<p>\u00abHay que darle a la Argentina una alternativa pol\u00edtica que exprese valores, ideas y conductas. Para nosotros lo m\u00e1s importante es la recuperaci\u00f3n y la reconstrucci\u00f3n de la pol\u00edtica de un sistema corrompido y desvalorizado por un p\u00e9rdida de representatividad. Se sale haci\u00e9ndonos cargo de nuestro presente e interpretando a una sociedad que hoy es mucho m\u00e1s diversa, flexible y plural\u00bb, asegur\u00f3 Stolbizer.<\/p>\n<p>Los j\u00f3venes escucharon y luego plantearon distintas propuestas: romper con algunas cuestiones tradicionales de campa\u00f1a, tener acciones alternativas, utilizar las redes sociales como recurso y herramienta id\u00f3nea de instalaci\u00f3n de comunicaci\u00f3n, discutir las formas de hacer pol\u00edtica y financiamiento, convocar con convicci\u00f3n y capitalizar nuestros espacios, mostrar nuestros temas de lo que no hablar\u00e1n el resto de los candidatos y que nos diferencian de ellos: el rol del Estado, las cuestiones de g\u00e9nero, los Derechos Humanos, entre otros.<\/p>\n<p>\u00abVamos a hacerlo ocupando el espacio p\u00fablico: que es el de los medios, el de las redes, y tambi\u00e9n el de la calle. La pol\u00edtica tiene que volver a ese lugar, para interactuar, para interpelar, convocar y hacer part\u00edcipes a los ciudadanos no solo de la posibilidad de elegir, sino tambi\u00e9n de decidir. Creemos en una democracia de participaci\u00f3n real y efectiva en la toma de decisiones, con una ciudadan\u00eda que se involucre y tambi\u00e9n se haga cargo. Para alcanzar el futuro que queremos debemos empezar a cambiar hoy, y darle sentido y contenido al progresismo, con ideas claras y diferenciadoras\u00bb afirm\u00f3 la candidata a Presidenta.<\/p>\n<p><iframe loading=\"lazy\" width=\"560\" height=\"315\" src=\"https:\/\/www.youtube.com\/embed\/-ENS7ILUVAY\" frameborder=\"0\" allowfullscreen><\/iframe><\/p>\n<p>[wpsgallery]<br \/>\nFOTOS: PRENSA STOLBIZER.<\/p>\n","protected":false},"excerpt":{"rendered":"<p>La candidata a Presidenta de la Naci\u00f3n por PROGRESISTAS, Margarita Stolbizer, se reuni\u00f3 esta ma\u00f1ana en la sede del Centro de Estudios de Estado y Sociedad (CEDES), con j\u00f3venes intelectuales para conversar y debatir sobre las expectativas de la pol\u00edtica en el pa\u00eds y los desaf\u00edos del progresismo<\/p>\n","protected":false},"author":2,"featured_media":2415,"comment_status":"closed","ping_status":"closed","sticky":false,"template":"","format":"standard","meta":{"footnotes":""},"categories":[44,95,47],"tags":[],"class_list":["post-2414","post","type-post","status-publish","format-standard","has-post-thumbnail","hentry","category-actualidad","category-campana-presidencial-2015","category-margarita-stolbizer-diputados-nacionales"],"_links":{"self":[{"href":"https:\/\/www.partidogen.org.ar\/web\/wp-json\/wp\/v2\/posts\/2414","targetHints":{"allow":["GET"]}}],"collection":[{"href":"https:\/\/www.partidogen.org.ar\/web\/wp-json\/wp\/v2\/posts"}],"about":[{"href":"https:\/\/www.partidogen.org.ar\/web\/wp-json\/wp\/v2\/types\/post"}],"author":[{"embeddable":true,"href":"https:\/\/www.partidogen.org.ar\/web\/wp-json\/wp\/v2\/users\/2"}],"replies":[{"embeddable":true,"href":"https:\/\/www.partidogen.org.ar\/web\/wp-json\/wp\/v2\/comments?post=2414"}],"version-history":[{"count":0,"href":"https:\/\/www.partidogen.org.ar\/web\/wp-json\/wp\/v2\/posts\/2414\/revisions"}],"wp:featuredmedia":[{"embeddable":true,"href":"https:\/\/www.partidogen.org.ar\/web\/wp-json\/wp\/v2\/media\/2415"}],"wp:attachment":[{"href":"https:\/\/www.partidogen.org.ar\/web\/wp-json\/wp\/v2\/media?parent=2414"}],"wp:term":[{"taxonomy":"category","embeddable":true,"href":"https:\/\/www.partidogen.org.ar\/web\/wp-json\/wp\/v2\/categories?post=2414"},{"taxonomy":"post_tag","embeddable":true,"href":"https:\/\/www.partidogen.org.ar\/web\/wp-json\/wp\/v2\/tags?post=2414"}],"curies":[{"name":"wp","href":"https:\/\/api.w.org\/{rel}","templated":true}]}}