{"id":240,"date":"2014-09-20T18:00:25","date_gmt":"2014-09-20T18:00:25","guid":{"rendered":"http:\/\/www.partidogen.org.ar\/web\/?p=240"},"modified":"2014-09-23T01:52:20","modified_gmt":"2014-09-23T01:52:20","slug":"se-conformo-la-junta-promotora-de-la-juventud-nacional-del-gen","status":"publish","type":"post","link":"https:\/\/www.partidogen.org.ar\/web\/se-conformo-la-junta-promotora-de-la-juventud-nacional-del-gen\/","title":{"rendered":"SE CONFORMO LA JUNTA PROMOTORA DE LA JUVENTUD NACIONAL DEL GEN"},"content":{"rendered":"<p><img loading=\"lazy\" decoding=\"async\" src=\"http:\/\/www.partidogen.org.ar\/web\/wp-content\/uploads\/2014\/09\/0006.jpg\" alt=\"Juventud Nacional\" width=\"985\" height=\"591\" class=\"alignnone size-full wp-image-241\" srcset=\"https:\/\/www.partidogen.org.ar\/web\/wp-content\/uploads\/2014\/09\/0006.jpg 985w, https:\/\/www.partidogen.org.ar\/web\/wp-content\/uploads\/2014\/09\/0006-300x180.jpg 300w, https:\/\/www.partidogen.org.ar\/web\/wp-content\/uploads\/2014\/09\/0006-100x60.jpg 100w, https:\/\/www.partidogen.org.ar\/web\/wp-content\/uploads\/2014\/09\/0006-150x90.jpg 150w, https:\/\/www.partidogen.org.ar\/web\/wp-content\/uploads\/2014\/09\/0006-200x120.jpg 200w, https:\/\/www.partidogen.org.ar\/web\/wp-content\/uploads\/2014\/09\/0006-450x270.jpg 450w, https:\/\/www.partidogen.org.ar\/web\/wp-content\/uploads\/2014\/09\/0006-600x360.jpg 600w, https:\/\/www.partidogen.org.ar\/web\/wp-content\/uploads\/2014\/09\/0006-900x540.jpg 900w\" sizes=\"auto, (max-width: 985px) 100vw, 985px\" \/><br \/>\n<strong><span class=\"first\">E<\/span>l pasado s\u00e1bado, en el marco del Congreso Nacional del Partido Gen. se reunieron representantes de las juventudes Gen de las distintas Provincias y quedo conformada la Junta Promotora de la Juventud Gen Nacional.<\/strong><\/p>\n<p>El Secretario General de la Juventud de la Pcia de Buenos Aires, Mart\u00edn Topich, dijo al respecto \u00abhac\u00eda tiempo que estabamos en tratativas y conversaciones para poder darle un marco de organizaci\u00f3n a la Juventud a nivel nacional. Estamos m\u00e1s que satisfechos con este primer encuentro que le empieza a dar forma al armado Nacional que nuestro Partido y la Juventud merece\u00bb.<\/p>\n<p>En cuanto a los pr\u00f3ximos pasos a seguir coment\u00f3, \u00aba partir de la Ley Nacional de Juventudes que estamos presentando tenemos el insumo y una excusa m\u00e1s para trabajar con los j\u00f3venes de todo el Pa\u00eds y seguir trabajando para que en poco tiempo se constituya la Juventud Gen Nacional dentro de la organica del Partido\u00bb.<\/p>\n<p>La Junta Promotora de la Juventud Nacional qued\u00f3 conformada por Exequiel Machicotte de Entre R\u00edos, Mariana Rusalini de R\u00edo Negro, Brenda Vegas y Natalia Quiroz de C\u00f3rdoba, Sebasti\u00e1n Goyburu y Pilar Goldmann de Capital Federal, Samanta Jofre de San Luis, Graciela Gonzales de Misiones, Ezequiel Marengo, Manuel Rodr\u00edguez y Tom\u00e1s Lozano de Santa Fe, Jimena Segura de San Juan, Javier Malchi y Sara Mesqui de Mendoza, Mart\u00edn Topich y Federico V\u00e1squez de Buenos Aires.<\/p>\n","protected":false},"excerpt":{"rendered":"<p>El pasado s\u00e1bado, en el marco del Congreso Nacional del Partido Gen. se reunieron representantes de las juventudes Gen de las distintas Provincias y quedo conformada la Junta Promotora de la Juventud Gen Nacional. El Secretario General de la Juventud de la Pcia de Buenos Aires, Mart\u00edn Topich, dijo al respecto \u00abhac\u00eda tiempo que estabamos [&hellip;]<\/p>\n","protected":false},"author":2,"featured_media":241,"comment_status":"closed","ping_status":"closed","sticky":false,"template":"","format":"standard","meta":{"footnotes":""},"categories":[58],"tags":[],"class_list":["post-240","post","type-post","status-publish","format-standard","has-post-thumbnail","hentry","category-juventud-nacional"],"_links":{"self":[{"href":"https:\/\/www.partidogen.org.ar\/web\/wp-json\/wp\/v2\/posts\/240","targetHints":{"allow":["GET"]}}],"collection":[{"href":"https:\/\/www.partidogen.org.ar\/web\/wp-json\/wp\/v2\/posts"}],"about":[{"href":"https:\/\/www.partidogen.org.ar\/web\/wp-json\/wp\/v2\/types\/post"}],"author":[{"embeddable":true,"href":"https:\/\/www.partidogen.org.ar\/web\/wp-json\/wp\/v2\/users\/2"}],"replies":[{"embeddable":true,"href":"https:\/\/www.partidogen.org.ar\/web\/wp-json\/wp\/v2\/comments?post=240"}],"version-history":[{"count":0,"href":"https:\/\/www.partidogen.org.ar\/web\/wp-json\/wp\/v2\/posts\/240\/revisions"}],"wp:featuredmedia":[{"embeddable":true,"href":"https:\/\/www.partidogen.org.ar\/web\/wp-json\/wp\/v2\/media\/241"}],"wp:attachment":[{"href":"https:\/\/www.partidogen.org.ar\/web\/wp-json\/wp\/v2\/media?parent=240"}],"wp:term":[{"taxonomy":"category","embeddable":true,"href":"https:\/\/www.partidogen.org.ar\/web\/wp-json\/wp\/v2\/categories?post=240"},{"taxonomy":"post_tag","embeddable":true,"href":"https:\/\/www.partidogen.org.ar\/web\/wp-json\/wp\/v2\/tags?post=240"}],"curies":[{"name":"wp","href":"https:\/\/api.w.org\/{rel}","templated":true}]}}