{"id":2363,"date":"2015-06-22T19:00:09","date_gmt":"2015-06-22T22:00:09","guid":{"rendered":"http:\/\/www.partidogen.org.ar\/web\/?p=2363"},"modified":"2015-06-26T15:41:34","modified_gmt":"2015-06-26T18:41:34","slug":"stolbizerolaviaga-presentacion-oficial-de-la-formula-presidencial","status":"publish","type":"post","link":"https:\/\/www.partidogen.org.ar\/web\/stolbizerolaviaga-presentacion-oficial-de-la-formula-presidencial\/","title":{"rendered":"#StolbizerOlaviaga presentaci\u00f3n oficial de la f\u00f3rmula presidencial"},"content":{"rendered":"<p><img loading=\"lazy\" decoding=\"async\" src=\"http:\/\/margaritastolbizer.com.ar\/wp-content\/uploads\/2015\/06\/286.jpg\" alt=\"STOLBIZER - OLAVIAGA PRESENTACI\u00d3N OFICIAL DE LA F\u00d3RMULA PRESIDENCIAL\" width=\"526\" height=\"370\" class=\"alignright size-full wp-image-2605\" \/><br \/>\n<strong><span class=\"first\">L<\/span>a candidata a presidenta por <em>PROGRESISTAS<\/em> Margarita Stolbizer present\u00f3 hoy en un acto a su candidato a vicepresidente, el cordob\u00e9s Miguel Angel Olaviaga.<\/strong><\/p>\n<p>Stolbizer viaj\u00f3 hoy a la ciudad de C\u00f3rdoba para encabezar el lanzamiento y destac\u00f3 el \u00absentido bien federal\u00bb de la f\u00f3rmula presidencial.<\/p>\n<p>\u00ab<em>PROGRESISTAS<\/em> propone construir la Argentina que queremos, sobre la base de la decencia y la igualdad, con una perspectiva federal\u00bb, subray\u00f3 Stolbizer.<\/p>\n<p>\u00abMiguel Angel Olaviaga tiene una trayectoria muy importante en la pol\u00edtica como referente y dirigente social\u00bb, lo present\u00f3 Stolbizer y agreg\u00f3 que \u00abha recorrido un camino vinculado a la econom\u00eda desde una perspectiva social y tiene una gran militancia pol\u00edtica\u00bb.<\/p>\n<p>La candidata realiz\u00f3 una conferencia de prensa en el Hotel Interplaza acompa\u00f1ada por el precandidato a senador por Santa Fe, el socialista Hermes Binner; el primer candidato a diputado por la Ciudad por la lista Unidad Progresista, Manuel Garrido, y el diputado socialista y precandidato al Parlasur nacional, Juan Carlos Zabalza.<\/p>\n<p>\u00abCon esta f\u00f3rmula, le damos a nuestra propuesta un sentido bien federal. Testimoniamos aqu\u00ed en C\u00f3rdoba, nuestro compromiso de integrar a toda la Argentina y por eso la presencia de mi compa\u00f1ero, cordob\u00e9s con un gran recorrido en la lucha por los derechos sociales, va en ese camino\u00bb, enfatiz\u00f3 Stolbizer.<\/p>\n<p>Olaviaga, dirigente sindical de empleados de comercio, de militancia radical, actualmente es presidente de la Asociaci\u00f3n Mutual Mercantil Argentina. Fue detenido durante la \u00faltima dictadura militar y es ex diputado y senador provincial en C\u00f3rdoba.<\/p>\n<p>En 2014 fue distinguido con el Premio al Mutualista del a\u00f1o. Es fundador de la Sociedad Educativa Argentina y de la Fundaci\u00f3n del Centro de Investigaciones de la Econom\u00eda Social. Adem\u00e1s, es el presidente del Grupo de Empresas Sociales de Trabajo Asociado.<\/p>\n","protected":false},"excerpt":{"rendered":"<p>La candidata a presidenta por PROGRESISTAS Margarita Stolbizer present\u00f3 hoy en un acto a su candidato a vicepresidente, el cordob\u00e9s Miguel Angel Olaviaga.<\/p>\n","protected":false},"author":2,"featured_media":2364,"comment_status":"closed","ping_status":"closed","sticky":false,"template":"","format":"standard","meta":{"footnotes":""},"categories":[44,95,47],"tags":[],"class_list":["post-2363","post","type-post","status-publish","format-standard","has-post-thumbnail","hentry","category-actualidad","category-campana-presidencial-2015","category-margarita-stolbizer-diputados-nacionales"],"_links":{"self":[{"href":"https:\/\/www.partidogen.org.ar\/web\/wp-json\/wp\/v2\/posts\/2363","targetHints":{"allow":["GET"]}}],"collection":[{"href":"https:\/\/www.partidogen.org.ar\/web\/wp-json\/wp\/v2\/posts"}],"about":[{"href":"https:\/\/www.partidogen.org.ar\/web\/wp-json\/wp\/v2\/types\/post"}],"author":[{"embeddable":true,"href":"https:\/\/www.partidogen.org.ar\/web\/wp-json\/wp\/v2\/users\/2"}],"replies":[{"embeddable":true,"href":"https:\/\/www.partidogen.org.ar\/web\/wp-json\/wp\/v2\/comments?post=2363"}],"version-history":[{"count":0,"href":"https:\/\/www.partidogen.org.ar\/web\/wp-json\/wp\/v2\/posts\/2363\/revisions"}],"wp:featuredmedia":[{"embeddable":true,"href":"https:\/\/www.partidogen.org.ar\/web\/wp-json\/wp\/v2\/media\/2364"}],"wp:attachment":[{"href":"https:\/\/www.partidogen.org.ar\/web\/wp-json\/wp\/v2\/media?parent=2363"}],"wp:term":[{"taxonomy":"category","embeddable":true,"href":"https:\/\/www.partidogen.org.ar\/web\/wp-json\/wp\/v2\/categories?post=2363"},{"taxonomy":"post_tag","embeddable":true,"href":"https:\/\/www.partidogen.org.ar\/web\/wp-json\/wp\/v2\/tags?post=2363"}],"curies":[{"name":"wp","href":"https:\/\/api.w.org\/{rel}","templated":true}]}}