{"id":2355,"date":"2015-06-20T12:43:27","date_gmt":"2015-06-20T15:43:27","guid":{"rendered":"http:\/\/www.partidogen.org.ar\/web\/?p=2355"},"modified":"2015-06-24T01:16:26","modified_gmt":"2015-06-24T04:16:26","slug":"stolbizer-anuncio-que-su-candidato-a-vice-sera-el-cordobes-miguel-angel-olaviaga","status":"publish","type":"post","link":"https:\/\/www.partidogen.org.ar\/web\/stolbizer-anuncio-que-su-candidato-a-vice-sera-el-cordobes-miguel-angel-olaviaga\/","title":{"rendered":"STOLBIZER ANUNCI\u00d3 QUE SU CANDIDATO A VICE SER\u00c1 EL CORDOB\u00c9S MIGUEL ANGEL OLAVIAGA"},"content":{"rendered":"<p><img loading=\"lazy\" decoding=\"async\" src=\"http:\/\/margaritastolbizer.com.ar\/wp-content\/uploads\/2015\/06\/284.jpg\" alt=\"STOLBIZER ANUNCI\u00d3 QUE SU CANDIDATO A VICE SER\u00c1 EL CORDOB\u00c9S MIGUEL ANGEL OLAVIAGA\" width=\"526\" height=\"370\" class=\"alignright size-full wp-image-2577\" \/><br \/>\n20\/06\/2015.<br \/>\n<strong><span class=\"first\">L<\/span>a candidata a Presidenta de PROGRESISTAS, Margarita Stolbizer anunci\u00f3 que su vice ser\u00e1 MIGUEL ANGEL OLAVIAGA. Cordob\u00e9s, de Villa Mar\u00eda. La f\u00f3rmula har\u00e1 su presentaci\u00f3n formal el lunes, en la provincia de C\u00f3rdoba.<\/strong><\/p>\n<p>Dirigente sindical de empleados de comercio, de militancia radical. Actualmente es Presidente de la Asociaci\u00f3n Mutual Mercantil Argentina. Fue detenido durante la dictadura militar, ex diputado y senador provincial en C\u00f3rdoba. En 2014 fue distinguido con el Premio al Mutualista del a\u00f1o. Fundador de la Sociedad Educativa Argentina y de la Fundaci\u00f3n del Centro de Investigaciones de la Econom\u00eda Social. Preside GESTA (Grupo de Empresas Sociales de Trabajo Asociado). <\/p>\n<p>La lista de diputados nacionales por la Ciudad de Buenos Aires de Progresistas estar\u00e1 encabezada por Manuel Garrido \u2013ex fiscal de investigaciones administrativas  y actual diputado (UCR). y por la Provincia de Buenos Aires, Omar Ducl\u00f3s, fue intendente de Azul y es actual diputado del GEN.<\/p>\n<p>La lista de diputados tambi\u00e9n est\u00e1 integrada por Victoria Donda \u2013 Libres del SUR- y el socialista Lazaretti completando as\u00ed con la integraci\u00f3n de las distintas fuerzas que integran PROGRESISTAS.<\/p>\n<p><strong><span class=\"first\">M<\/span>IGUEL ANGEL OLAVIAGA: se lo presentamos.<\/strong><br \/>\n<img loading=\"lazy\" decoding=\"async\" src=\"http:\/\/margaritastolbizer.com.ar\/wp-content\/uploads\/2015\/06\/MIGUEL-ANGEL-OLAVIAGA-300x184.jpg\" alt=\"MIGUEL ANGEL OLAVIAGA\" width=\"300\" height=\"184\" class=\"alignleft size-medium wp-image-2579\" \/><br \/>\nNaci\u00f3 el 23 de agosto de 1947, es padre de cuatro hijos, abuelo de 12 nietos; un bisnieto.<br \/>\nNaci\u00f3 en Pascanas y siempre vivi\u00f3 en Villa Mar\u00eda (provincia de C\u00f3rdoba).<\/p>\n<p>\u2022Fue directivo y Secretario General del Centro de Empleados de Comercio de Villa Mar\u00eda.<\/p>\n<p>\u2022Ocup\u00f3 la Subsecretar\u00eda Adjunta de la Federaci\u00f3n Argentina de Empleados de Comercio y Servicios (FAECYS), el gremio con m\u00e1s de 700 mil trabajadores mercantiles.<\/p>\n<p>\u2022Contribuy\u00f3 a fundar, fue Secretario y luego Presidente de la Asociaci\u00f3n Mutual Mercantil Argentina (AMMA), una empresa social villamariense nacida en 1981, que cuenta con m\u00e1s 50 mil afiliados, residentes en la provincia y diversos puntos del pa\u00eds.<\/p>\n<p>\u2022Fue protagonista decisivo y primer presidente de la Obra Social de los Trabajadores Asociados a la Asociaci\u00f3n Mutual Mercantil Argentina (OSTAMMA).<\/p>\n<p>\u2022Fund\u00f3 y presidi\u00f3 la Sociedad Educativa Argentina (SEA), una asociaci\u00f3n civil que ayuda a educarse y a capacitarse a cientos de j\u00f3venes y adultos de C\u00f3rdoba y el pa\u00eds.<\/p>\n<p>\u2022Simult\u00e1neamente se convirti\u00f3 en principal impulsor del Instituto Superior de Educaci\u00f3n y Trabajo, apuntando su tarea a la educaci\u00f3n y capacitaci\u00f3n a distancia en materia de cooperativismo y mutualismo en diversas \u00e1reas de servicios a los asociados.<\/p>\n<p>\u2022Fue miembro de la comisi\u00f3n promotora para la instalaci\u00f3n, en Villa Mar\u00eda, de la hoy Facultad Regional de la Universidad Tecnol\u00f3gica Nacional.<\/p>\n<p>\u2022Fue miembro de la comisi\u00f3n promotora del Instituto Nacional de Educaci\u00f3n Superior del Centro de la Rep\u00fablica, INESCER.<\/p>\n<p>\u2022Ejerci\u00f3 la representaci\u00f3n rectoral de la Universidad Cat\u00f3lica de Salta en la Sede a Distancia Villa Mar\u00eda de esa alta casas de estudios, que favorece el estudio no presencial de carreras como Derecho, Contador P\u00fablico y las Licenciaturas en Administraci\u00f3n de Empresas y Relaciones Internacionales.<\/p>\n<p>\u2022Integr\u00f3 la Comisi\u00f3n Regional de Apoyo a la UNESCO para asuntos vinculados con el desarrollo de la infancia. Lo hizo en calidad de secretario.<\/p>\n<p>\u2022Se desempe\u00f1\u00f3 como vicepresidente regional de la organizaci\u00f3n sindical CIOSL-ORIT.<\/p>\n<p>\u2022Integr\u00f3 la comisi\u00f3n promotora y presidi\u00f3 la primera Comisi\u00f3n de Asociados de la filial Villa Mar\u00eda y fue electo en dos oportunidades como  consejero nacional de Credicoop, el primer banco cooperativo de Am\u00e9rica Latina.<\/p>\n<p>\u2022Fue miembro fundador de la Fundaci\u00f3n del Centro de Investigaciones de la Econom\u00eda Social (CIESO), organizaci\u00f3n no gubernamental que re\u00fane a un importante n\u00famero de entidades sociales de Villa Mar\u00eda, la provincia y el pa\u00eds. <\/p>\n<p>\u2022Es fundador y preside actualmente la entidad Grupo de Empresas Sociales de Trabajo Asociado, GESTA, que re\u00fane a organizaciones y empresas sociales, tanto mutuales como cooperativas, asociaciones civiles sin fines de lucro y fundaciones, la que contin\u00faa con su proyecto de profundizar la organizaci\u00f3n de los emprendimientos autogestionarios por parte de trabajadores y emprendedores en general.<\/p>\n<p>\u2022Fue electo diputado provincial y ejerci\u00f3 como senador provincial, en representaci\u00f3n del Departamento General San Mart\u00edn de la Provincia de C\u00f3rdoba.<\/p>\n<p>\u2022Durante su actuaci\u00f3n como diputado provincial consigui\u00f3 que se debatiera y aprobara la Ley de Educaci\u00f3n Cooperativa de la provincia de C\u00f3rdoba, para incorporar el tema a los planes oficiales de estudios en todos los niveles de instrucci\u00f3n p\u00fablica.<\/p>\n<p>\u2022Premio Categor\u00eda Dirigente Mutual, otorgado por la Federaci\u00f3n Provincial de Mutualidades de C\u00f3rdoba, Femucor, durante la cena 60\u00b0 aniversario e inauguraci\u00f3n de la sede de la entidad. Viernes 16 de octubre de 2009.<\/p>\n<p>\u2022Premio Dirigente Mutualista del A\u00f1o, otorgado por la revista especializada Prensa Mutual, sobre la nominaci\u00f3n de diez postulantes de todo el pa\u00eds. A\u00f1o 2014. <\/p>\n<p>\u2022Como consecuencia de su dilatada y notoria trayectoria en el campo social y pol\u00edtico, fue detenido y puesto a disposici\u00f3n del Poder Ejecutivo Nacional, luego de producido el golpe militar del 24 de marzo de 1976.<\/p>\n<p>\u2022Actual vicepresidente del Instituto de Promoci\u00f3n de la Econom\u00eda Solidaria, IPES.<\/p>\n<p>\u2022Forista en el debate para la unificaci\u00f3n normativa para los movimientos cooperativo y mutual, constituyendo el estatuto modernizado para la Econom\u00eda Solidaria en la Rep\u00fablica Argentina.<\/p>\n<p><a href=\"http:\/\/margaritastolbizer.com.ar\/wp-content\/uploads\/2015\/06\/MIGUEL-ANGEL-OLAVIAGA-CURRICULO-JUNIO-2015.doc\">MIGUEL ANGEL OLAVIAGA CURR\u00cdCULUM JUNIO 2015<\/a><\/p>\n","protected":false},"excerpt":{"rendered":"<p>La f\u00f3rmula har\u00e1 su presentaci\u00f3n formal el lunes, en la provincia de C\u00f3rdoba.<\/p>\n","protected":false},"author":2,"featured_media":2356,"comment_status":"closed","ping_status":"closed","sticky":false,"template":"","format":"standard","meta":{"footnotes":""},"categories":[44,95,47],"tags":[],"class_list":["post-2355","post","type-post","status-publish","format-standard","has-post-thumbnail","hentry","category-actualidad","category-campana-presidencial-2015","category-margarita-stolbizer-diputados-nacionales"],"_links":{"self":[{"href":"https:\/\/www.partidogen.org.ar\/web\/wp-json\/wp\/v2\/posts\/2355","targetHints":{"allow":["GET"]}}],"collection":[{"href":"https:\/\/www.partidogen.org.ar\/web\/wp-json\/wp\/v2\/posts"}],"about":[{"href":"https:\/\/www.partidogen.org.ar\/web\/wp-json\/wp\/v2\/types\/post"}],"author":[{"embeddable":true,"href":"https:\/\/www.partidogen.org.ar\/web\/wp-json\/wp\/v2\/users\/2"}],"replies":[{"embeddable":true,"href":"https:\/\/www.partidogen.org.ar\/web\/wp-json\/wp\/v2\/comments?post=2355"}],"version-history":[{"count":0,"href":"https:\/\/www.partidogen.org.ar\/web\/wp-json\/wp\/v2\/posts\/2355\/revisions"}],"wp:featuredmedia":[{"embeddable":true,"href":"https:\/\/www.partidogen.org.ar\/web\/wp-json\/wp\/v2\/media\/2356"}],"wp:attachment":[{"href":"https:\/\/www.partidogen.org.ar\/web\/wp-json\/wp\/v2\/media?parent=2355"}],"wp:term":[{"taxonomy":"category","embeddable":true,"href":"https:\/\/www.partidogen.org.ar\/web\/wp-json\/wp\/v2\/categories?post=2355"},{"taxonomy":"post_tag","embeddable":true,"href":"https:\/\/www.partidogen.org.ar\/web\/wp-json\/wp\/v2\/tags?post=2355"}],"curies":[{"name":"wp","href":"https:\/\/api.w.org\/{rel}","templated":true}]}}