{"id":2348,"date":"2015-06-17T20:55:34","date_gmt":"2015-06-17T23:55:34","guid":{"rendered":"http:\/\/www.partidogen.org.ar\/web\/?p=2348"},"modified":"2015-06-22T19:08:14","modified_gmt":"2015-06-22T22:08:14","slug":"stolbizer-y-lousteau-cerraron-jornada-sobre-seguridad","status":"publish","type":"post","link":"https:\/\/www.partidogen.org.ar\/web\/stolbizer-y-lousteau-cerraron-jornada-sobre-seguridad\/","title":{"rendered":"STOLBIZER Y LOUSTEAU CERRARON JORNADA SOBRE SEGURIDAD"},"content":{"rendered":"<p><img loading=\"lazy\" decoding=\"async\" src=\"http:\/\/www.partidogen.org.ar\/web\/wp-content\/uploads\/2015\/06\/274.jpg\" alt=\"STOLBIZER Y LOUSTEAU CERRARON JORNADA SOBRE SEGURIDAD\" width=\"1232\" height=\"335\" class=\"alignnone size-full wp-image-2349\" srcset=\"https:\/\/www.partidogen.org.ar\/web\/wp-content\/uploads\/2015\/06\/274.jpg 1232w, https:\/\/www.partidogen.org.ar\/web\/wp-content\/uploads\/2015\/06\/274-300x81.jpg 300w, https:\/\/www.partidogen.org.ar\/web\/wp-content\/uploads\/2015\/06\/274-1024x278.jpg 1024w, https:\/\/www.partidogen.org.ar\/web\/wp-content\/uploads\/2015\/06\/274-100x27.jpg 100w, https:\/\/www.partidogen.org.ar\/web\/wp-content\/uploads\/2015\/06\/274-150x40.jpg 150w, https:\/\/www.partidogen.org.ar\/web\/wp-content\/uploads\/2015\/06\/274-200x54.jpg 200w, https:\/\/www.partidogen.org.ar\/web\/wp-content\/uploads\/2015\/06\/274-450x122.jpg 450w, https:\/\/www.partidogen.org.ar\/web\/wp-content\/uploads\/2015\/06\/274-600x163.jpg 600w, https:\/\/www.partidogen.org.ar\/web\/wp-content\/uploads\/2015\/06\/274-900x244.jpg 900w\" sizes=\"auto, (max-width: 1232px) 100vw, 1232px\" \/><br \/>\n17\/06\/2015.<br \/>\n<strong><span class=\"first\">L<\/span>a candidata a la presidencia de la Naci\u00f3n por Progresistas, Margarita Stolbizer y el candidato a Jefe de Gobierno de ECO, Mart\u00edn Lousteau cerraron esta tarde una jornada sobre seguridad que reuni\u00f3 a los m\u00e1s reconocidos expertos locales y de pa\u00edses vecinos, en la tem\u00e1tica. El encuentro fue organizado por Alberto F\u00f6hrig.<\/strong><\/p>\n<p>Stolbizer expres\u00f3 que no hay una pol\u00edtica de seguridad integral y coordinada. Siempre han sido err\u00e1ticas y espasm\u00f3dicas. En particular en el caso de la provincia de Buenos Aires, el gobernador Scioli frente al problema siempre adopt\u00f3 posiciones de espectador, comentando los episodios de inseguridad y sac\u00e1ndose fotos con las v\u00edctimas. Nunca al frente de las soluciones y anticip\u00e1ndose.<\/p>\n<p>Tambi\u00e9n en la ciudad y en Naci\u00f3n, en todos los casos el Estado va detr\u00e1s de los acontecimientos. \u201chay que salir de la tensi\u00f3n entre la ineficacia de la represi\u00f3n y  su contraparte, que solo mira el delito desde una dimensi\u00f3n sociol\u00f3gica. Tenemos un Estado d\u00e9bil, incapaz, que no destina los recursos suficientes y que es c\u00f3mplice. Todo eso es lo que permite que se cuele el crimen organizado. Cuando desde el progresismo ponemos la seguridad como prioridad de la agenda, lo hacemos desde la propuesta de igualdad y decencia. De lo que hablamos es de garantizar los derechos sociales como es la seguridad, y de promover una sociedad sostenida en valores.<\/p>\n<p><strong>\u201cEl gobierno K ha escrito el manual de las peores pr\u00e1cticas en materia de lucha contra el narcotr\u00e1fico y el delito organizado\u201d<\/strong><\/p>\n<p>Por su parte Lousteau se\u00f1al\u00f3 que si bien es necesario articular entre ciudad, provincia y estado nacional, la realidad es que la ciudad tiene en s\u00ed misma recursos y medios para intervenir de manera eficiente y no lo hizo. Adem\u00e1s expres\u00f3 que no hay mapas del delito y que el crimen organizado, el narcotr\u00e1fico y varios otros delitos se van colando a trav\u00e9s de las propias estructuras de la ciudad cuando por ejemplo fallan desde las habilitaciones o los controles contravencionales y dan lugar a la existencia de talleres clandestinos, trapitos y trata de personas.<\/p>\n<p>Tambi\u00e9n cuestion\u00f3 a nivel nacional, el accionar de la UIF, y pidi\u00f3 que se crucen datos con la AFIP para seguir la ruta del dinero. La econom\u00eda informal facilita los retornos, la falta de control y el blanqueo los tres forman todos los ingredientes de una receta para que el delito y la inseguridad se propaguen.<\/p>\n<p>La apertura de la jornada que comenz\u00f3 este mediod\u00eda estuvo a cargo de Leandro Halper\u00edn, Facultad de Derecho (UBA), el diputado Manuel Garrido y Leandro Despouy, Auditor General de la Naci\u00f3n. Durante toda la tarde de hoy distintos paneles abordaron la tem\u00e1tica:<\/p>\n<p><strong>Panel Reducci\u00f3n de Violencia en Barrios Vulnerables de Buenos Aires:<\/strong><br \/>\nClaudio Beato. Universidad Federal de Minas Gerais. Creador del Plan de Control de Homicidios de Bello Horizonte, Ariel Avila. Coordinador del observatorio de la Fundaci\u00f3n Paz y Reconciliaci\u00f3n, Bogot\u00e1, Alberto F\u00f6hrig. Universidad de San Andr\u00e9s y Partido GEN. Coordin\u00f3: Martin De Simone<\/p>\n<p><strong>Panel Pol\u00edticas contra el robo:<\/strong><br \/>\nGabriel Kessler. Doctor en Sociolog\u00eda. Conicet., Marcelo Bergman. Doctor en Sociolog\u00eda. Director del CELIV.  Universidad de 3 de Febrero, Martin Appiolaza. Especialista en Seguridad, Consultor Internacional. Partido Socialista, Diego Gorgal. Ex ministro de seguridad de la Ciudad de Buenos Aires. Coordin\u00f3: HernanFlom, UC Berkeley<\/p>\n<p><strong>Panel Control de la Criminalidad Econ\u00f3mica:<\/strong><br \/>\nManuel Garrido. Diputado Nacional UCR, ex fiscal Nacional de Investigaciones Administrativas., Fernando Basch. Abogado. Socio, Governance Latin America. Especialista en Pol\u00edticas anti-corrupci\u00f3n. Juan Marteau. Abogado. Especialista en Lavado de Dinero. Coordin\u00f3: Leandro Halper\u00edn<\/p>\n","protected":false},"excerpt":{"rendered":"<p>17\/06\/2015. La candidata a la presidencia de la Naci\u00f3n por Progresistas, Margarita Stolbizer y el candidato a Jefe de Gobierno de ECO, Mart\u00edn Lousteau cerraron esta tarde una jornada sobre seguridad que reuni\u00f3 a los m\u00e1s reconocidos expertos locales y de pa\u00edses vecinos, en la tem\u00e1tica. El encuentro fue organizado por Alberto F\u00f6hrig. Stolbizer expres\u00f3 [&hellip;]<\/p>\n","protected":false},"author":2,"featured_media":2349,"comment_status":"closed","ping_status":"closed","sticky":false,"template":"","format":"standard","meta":{"footnotes":""},"categories":[44,95,47],"tags":[],"class_list":["post-2348","post","type-post","status-publish","format-standard","has-post-thumbnail","hentry","category-actualidad","category-campana-presidencial-2015","category-margarita-stolbizer-diputados-nacionales"],"_links":{"self":[{"href":"https:\/\/www.partidogen.org.ar\/web\/wp-json\/wp\/v2\/posts\/2348","targetHints":{"allow":["GET"]}}],"collection":[{"href":"https:\/\/www.partidogen.org.ar\/web\/wp-json\/wp\/v2\/posts"}],"about":[{"href":"https:\/\/www.partidogen.org.ar\/web\/wp-json\/wp\/v2\/types\/post"}],"author":[{"embeddable":true,"href":"https:\/\/www.partidogen.org.ar\/web\/wp-json\/wp\/v2\/users\/2"}],"replies":[{"embeddable":true,"href":"https:\/\/www.partidogen.org.ar\/web\/wp-json\/wp\/v2\/comments?post=2348"}],"version-history":[{"count":0,"href":"https:\/\/www.partidogen.org.ar\/web\/wp-json\/wp\/v2\/posts\/2348\/revisions"}],"wp:featuredmedia":[{"embeddable":true,"href":"https:\/\/www.partidogen.org.ar\/web\/wp-json\/wp\/v2\/media\/2349"}],"wp:attachment":[{"href":"https:\/\/www.partidogen.org.ar\/web\/wp-json\/wp\/v2\/media?parent=2348"}],"wp:term":[{"taxonomy":"category","embeddable":true,"href":"https:\/\/www.partidogen.org.ar\/web\/wp-json\/wp\/v2\/categories?post=2348"},{"taxonomy":"post_tag","embeddable":true,"href":"https:\/\/www.partidogen.org.ar\/web\/wp-json\/wp\/v2\/tags?post=2348"}],"curies":[{"name":"wp","href":"https:\/\/api.w.org\/{rel}","templated":true}]}}