{"id":2342,"date":"2015-06-16T16:49:53","date_gmt":"2015-06-16T19:49:53","guid":{"rendered":"http:\/\/www.partidogen.org.ar\/web\/?p=2342"},"modified":"2015-06-22T03:09:05","modified_gmt":"2015-06-22T06:09:05","slug":"stolbizer-presento-su-propuesta-presidencial-en-la-union-industrial","status":"publish","type":"post","link":"https:\/\/www.partidogen.org.ar\/web\/stolbizer-presento-su-propuesta-presidencial-en-la-union-industrial\/","title":{"rendered":"STOLBIZER PRESENT\u00d3 SU PROPUESTA PRESIDENCIAL EN LA UNI\u00d3N INDUSTRIAL"},"content":{"rendered":"<p><img loading=\"lazy\" decoding=\"async\" src=\"http:\/\/www.partidogen.org.ar\/web\/wp-content\/uploads\/2015\/06\/272.jpg\" alt=\"STOLBIZER PRESENT\u00d3 SU PROPUESTA PRESIDENCIAL EN LA UNI\u00d3N INDUSTRIAL\" width=\"1232\" height=\"335\" class=\"alignnone size-full wp-image-2343\" srcset=\"https:\/\/www.partidogen.org.ar\/web\/wp-content\/uploads\/2015\/06\/272.jpg 1232w, https:\/\/www.partidogen.org.ar\/web\/wp-content\/uploads\/2015\/06\/272-300x81.jpg 300w, https:\/\/www.partidogen.org.ar\/web\/wp-content\/uploads\/2015\/06\/272-1024x278.jpg 1024w, https:\/\/www.partidogen.org.ar\/web\/wp-content\/uploads\/2015\/06\/272-100x27.jpg 100w, https:\/\/www.partidogen.org.ar\/web\/wp-content\/uploads\/2015\/06\/272-150x40.jpg 150w, https:\/\/www.partidogen.org.ar\/web\/wp-content\/uploads\/2015\/06\/272-200x54.jpg 200w, https:\/\/www.partidogen.org.ar\/web\/wp-content\/uploads\/2015\/06\/272-450x122.jpg 450w, https:\/\/www.partidogen.org.ar\/web\/wp-content\/uploads\/2015\/06\/272-600x163.jpg 600w, https:\/\/www.partidogen.org.ar\/web\/wp-content\/uploads\/2015\/06\/272-900x244.jpg 900w\" sizes=\"auto, (max-width: 1232px) 100vw, 1232px\" \/><br \/>\n16\/06\/2015.<br \/>\n<strong><span class=\"first\">L<\/span>a candidata a Presidenta de Progresistas Margarita Stolbizer concurri\u00f3 esta ma\u00f1ana a la sede de la Uni\u00f3n Industrial Argentina (UIA) en la calle Av. De Mayo 1147. Fue recibida por el Presidente Hector Mendez, el Secretario Jose Ignacio de Mendiguren, los Vicepresidentes: Jos\u00e9 Urtubey, Cristiano Rattazzi, Juan Carlos Sacco, Ricardo Khayat y Guillermo Moretti, entro otros.<\/strong><\/p>\n<p>Stolbizer fue acompa\u00f1ada por el candidato a Gobernador Jaime Linares, los diputados Omar Duclos y Alicia Ciciliani, el Ministro de Econom\u00eda de Santa Fe, Angel Sciara y el coordinador de equipos t\u00e9cnicos, Roberto Mionis.<\/p>\n<p>Durante el desayuno que se extendi\u00f3 por m\u00e1s de dos horas, Stolbizer plante\u00f3 que la idea de \u00abvivir con lo nuestro\u00bb atrasa, que hace falta lo nuestro, pero tambi\u00e9n la relaci\u00f3n con el resto del mundo. Y en ese marco, los acuerdos con otros pa\u00edses deben darse m\u00e1s que por afinidades ideol\u00f3gicas coyunturales, por fines que se vinculen con  una estrategia econ\u00f3mica que profundice el desarrollo industrial y la creaci\u00f3n de empleo para nuestro pa\u00eds. Encarar estas relaciones desde los distintos sectores que forman parte de la matriz productiva de Argentina. Recomponiendo una relaci\u00f3n virtuosa entre Estado y sector privado, a partir de reglas claras, y transparencia.<\/p>\n<p>Stolbizer se\u00f1al\u00f3 que Argentina vive en el S\u00edndrome de las \u00abI\u00bb negativas: inflaci\u00f3n, ineficiencia, inseguridad, imprevisibilidad. Se puede a trav\u00e9s de otras \u00abI\u00bb: institucionalidad, inserci\u00f3n internacional e infraestructura conseguir transformarlas en \u00bb I\u00bb positivas: inclusi\u00f3n, industrializaci\u00f3n, inserci\u00f3n e integraci\u00f3n. Para todo esto debe haber gobiernos transparentes como primera condici\u00f3n.<\/p>\n<p>La candidata prometi\u00f3 que de ganar las elecciones, al d\u00eda siguiente de asumir regularizar\u00e1 el INDEC para que brinde estad\u00edsticas confiables, impulsar\u00e1 una reforma impositiva y promover\u00e1 prioritariamente una lucha contra la inflaci\u00f3n.<\/p>\n<p>Por su parte Angel Sciara expres\u00f3 que hay un federalismo disociado, los gobiernos provinciales no se hablan entre s\u00ed ni con la Naci\u00f3n. He pedido reunirme con el ministro de econom\u00eda de la Naci\u00f3n y jam\u00e1s me recibi\u00f3. Es necesario una integraci\u00f3n y cooperaci\u00f3n.<\/p>\n<p>Por su parte, los miembros de la UIA explicaron  su visi\u00f3n sobre el funcionamiento de la econom\u00eda en los \u00faltimos a\u00f1os y se\u00f1alaron que mientras el resto de los pa\u00edses han incrementado su PBI industrial, en nuestro pa\u00eds, en los \u00faltimos a\u00f1os eso no ha ocurrido. Despu\u00e9s del despegue y crecimiento desde el 2002, la realidad de hoy es que  hace 4 a\u00f1os hay un estancamiento relativo y  no se generan nuevos puestos de trabajo. Y expresaron que las empresas son la \u00fanica respuesta frente al problema del trabajo en negro. Tambi\u00e9n que las medidas para llegar a una recuperaci\u00f3n ser\u00edan: recuperar el autoabastecimiento energ\u00e9tico, terminar con los antagonismos entre capital y trabajo o entre peque\u00f1as y medianas empresas o interior y capital. Dejar de poner  foco en discusiones respecto a si la  culpa es de los empresarios que no invierten o del estado por el gasto p\u00fablico. Buscar puntos de encuentro que permitan cambiar la matriz productiva y aplicar el  di\u00e1logo como herramienta indispensable. Reglas claras, y previsibilidad.<\/p>\n<p><iframe loading=\"lazy\" width=\"560\" height=\"315\" src=\"https:\/\/www.youtube.com\/embed\/7XL4zHQGg_0\" frameborder=\"0\" allowfullscreen><\/iframe><\/p>\n","protected":false},"excerpt":{"rendered":"<p>16\/06\/2015. La candidata a Presidenta de Progresistas Margarita Stolbizer concurri\u00f3 esta ma\u00f1ana a la sede de la Uni\u00f3n Industrial Argentina (UIA) en la calle Av. De Mayo 1147. Fue recibida por el Presidente Hector Mendez, el Secretario Jose Ignacio de Mendiguren, los Vicepresidentes: Jos\u00e9 Urtubey, Cristiano Rattazzi, Juan Carlos Sacco, Ricardo Khayat y Guillermo Moretti, [&hellip;]<\/p>\n","protected":false},"author":2,"featured_media":2343,"comment_status":"closed","ping_status":"closed","sticky":false,"template":"","format":"standard","meta":{"footnotes":""},"categories":[44,95],"tags":[],"class_list":["post-2342","post","type-post","status-publish","format-standard","has-post-thumbnail","hentry","category-actualidad","category-campana-presidencial-2015"],"_links":{"self":[{"href":"https:\/\/www.partidogen.org.ar\/web\/wp-json\/wp\/v2\/posts\/2342","targetHints":{"allow":["GET"]}}],"collection":[{"href":"https:\/\/www.partidogen.org.ar\/web\/wp-json\/wp\/v2\/posts"}],"about":[{"href":"https:\/\/www.partidogen.org.ar\/web\/wp-json\/wp\/v2\/types\/post"}],"author":[{"embeddable":true,"href":"https:\/\/www.partidogen.org.ar\/web\/wp-json\/wp\/v2\/users\/2"}],"replies":[{"embeddable":true,"href":"https:\/\/www.partidogen.org.ar\/web\/wp-json\/wp\/v2\/comments?post=2342"}],"version-history":[{"count":0,"href":"https:\/\/www.partidogen.org.ar\/web\/wp-json\/wp\/v2\/posts\/2342\/revisions"}],"wp:featuredmedia":[{"embeddable":true,"href":"https:\/\/www.partidogen.org.ar\/web\/wp-json\/wp\/v2\/media\/2343"}],"wp:attachment":[{"href":"https:\/\/www.partidogen.org.ar\/web\/wp-json\/wp\/v2\/media?parent=2342"}],"wp:term":[{"taxonomy":"category","embeddable":true,"href":"https:\/\/www.partidogen.org.ar\/web\/wp-json\/wp\/v2\/categories?post=2342"},{"taxonomy":"post_tag","embeddable":true,"href":"https:\/\/www.partidogen.org.ar\/web\/wp-json\/wp\/v2\/tags?post=2342"}],"curies":[{"name":"wp","href":"https:\/\/api.w.org\/{rel}","templated":true}]}}