{"id":2181,"date":"2015-05-27T20:32:52","date_gmt":"2015-05-27T23:32:52","guid":{"rendered":"http:\/\/www.partidogen.org.ar\/web\/?p=2181"},"modified":"2015-05-31T21:27:28","modified_gmt":"2015-06-01T00:27:28","slug":"hay-que-proponer-con-responsabilidad-y-elegir-con-libertad","status":"publish","type":"post","link":"https:\/\/www.partidogen.org.ar\/web\/hay-que-proponer-con-responsabilidad-y-elegir-con-libertad\/","title":{"rendered":"\u00abHAY QUE PROPONER CON RESPONSABILIDAD Y ELEGIR CON LIBERTAD\u00bb"},"content":{"rendered":"<p><img loading=\"lazy\" decoding=\"async\" src=\"http:\/\/genbuenosaires.org.ar\/wp-content\/uploads\/2015\/05\/577-577x346.jpg\" alt=\"STOLBIZER AYER ESTUVO EN TIERRA DEL FUEGO\" width=\"550\" height=\"330\" class=\"alignright size-large wp-image-16803\" \/><br \/>\n<strong><span class=\"first\">S<\/span>TOLBIZER AYER ESTUVO EN TIERRA DEL FUEGO. MA\u00d1ANA REALIZAR\u00c1 UNA JORNADA DE BALANCE SOBRE 12 A\u00d1OS DE KIRCHNERISMO CON SARLO, KATZ, GARGARELLA, VEZZETTI, LO VUOLO Y SALVIA<\/strong><br \/>\n<img loading=\"lazy\" decoding=\"async\" src=\"http:\/\/margaritastolbizer.com.ar\/wp-content\/uploads\/2015\/05\/2481.jpg\" alt=\"STOLBIZER AYER ESTUVO EN TIERRA DEL FUEGO\" width=\"1232\" height=\"398\" class=\"alignleft size-full wp-image-2317\" \/><br \/>\n27\/05\/2015. Invitada por la UCES y la UTN de R\u00edo Grande, la candidata a presidenta por PROGRESISTAS, Margarita Stolbizer, tomo un marcador y se acerc\u00f3 al pizarr\u00f3n para improvisar una clase pr\u00e1ctica ante estudiantes y docentes universitarios de la provincia de Tierra del Fuego:<\/p>\n<p>\u00abArgentina tiene el s\u00edndrome de las <strong>I<\/strong>: <strong>incertidumbre, improvisaci\u00f3n, nflaci\u00f3n, inseguridad, ineficacia, intolerancia<\/strong>. Debe ir camino hacia una sociedad virtuosa que pueda alcanzar otras I: <strong>inclusi\u00f3n, incentivos, inversiones, igualdad<\/strong>. Y para eso tambi\u00e9n necesita encontrar como caminos seguros los que marcan otras <strong>I<\/strong>: <strong>instituciones, informaci\u00f3n, inteligencia, innovaci\u00f3n, integridad\u00bb<\/strong>.<\/p>\n<p>\u00abSomos la \u00fanica opci\u00f3n progresista, los \u00fanicos que hemos definido como pilares de propuesta program\u00e1tica Igualdad y Decencia. Eso es lo que ofrecemos para este proceso electoral, para que la ciudadan\u00eda pueda volver a confiar en la pol\u00edtica y en sus representantes. Pero tambi\u00e9n les pedimos que voten con libertad. Hay que perder el miedo. Los que est\u00e1n gobernando se van. Su ciclo ha terminado. Entonces no sirve andar con una calculadora para ver si se acompa\u00f1a al que pueda juntar m\u00e1s bronca, aunque no los convenza. Hay que discutir y contraponer en el debate los proyectos de pa\u00eds. Nosotros debemos proponer con responsabilidad y ustedes deben elegir con libertad. Hay que tirar esa calculadora y votar con la cabeza y el coraz\u00f3n.\u00bb<\/p>\n<p>Stolbizer llego a la provincia m\u00e1s austral de la Argentina para presentar su candidatura presidencial, para unir simb\u00f3licamente el pa\u00eds luego de su reciente visita a Jujuy, y tambi\u00e9n para apoyar a los candidatos del partido GEN en las pr\u00f3ximas elecciones provinciales que se realizar\u00e1n en junio en la provincia fueguina. Ellos son Juan Torres, Mar\u00eda    Y Rolando Aldana para la legislatura provincial; como as\u00ed tambi\u00e9n a Carlos Ram\u00edrez, Alba Moyano en la lista de concejales de R\u00edo Grande y sus pares Federico Mustapic En Ushuaia.<\/p>\n<p>Durante toda la jornada de ayer, Stolbizer tomo contacto con los medios locales, recorri\u00f3 algunos barrios de la periferia local junto a vecinos que reclaman por la falta de infraestructura de servicios b\u00e1sicos, se reuni\u00f3 con militantes y dirigentes partidarios y culmino con una conferencia p\u00fablica en la sede de la Universidad  Tecnol\u00f3gica Nacional  donde fue presentada por el decano Mario Ferrario y el Rector de la UCES Gast\u00f3n O Donnell.<\/p>\n<p>Tambi\u00e9n Stolbizer volvi\u00f3 a criticar los actos de festejos del kirchnerismo \u00abPatria somos todos. Hemos comenzado nuestra campa\u00f1a en Jujuy y Tierra del Fuego para expresar este s\u00edmbolo de unidad que es la Patria, integrada en un proyecto nacional. No vamos a permitir que se apropien de los derechos humanos, ni de los s\u00edmbolos patrios. Se olvidaron de recordar la revoluci\u00f3n de mayo para hacer un fastuoso acto de auto homenaje por sus 12 a\u00f1os de gobierno, sin que ello merezca una sola autocr\u00edtica sobre lo que nos dejan.\u00bb<\/p>\n<p><strong>Ma\u00f1ana a las 17:00 horas en Novotel, Corrientes 1334, Margarita Stolbizer encabezar\u00e1 una Clase Abierta donde realizar\u00e1 un balance del fin de ciclo K. El pa\u00eds, la econom\u00eda, los derechos humanos, la justicia tras 12 a\u00f1os de kirchnerismo.<br \/>\nHablar\u00e1n Margarita Stolbizer, Beatriz Sarlo, Alejandro Katz, Roberto Gargarella, Hugo Vezzetti, Rub\u00e9n Lo Vuolo y  Agust\u00edn Salvia.<\/strong><br \/>\n<a href=\"http:\/\/margaritastolbizer.com.ar\/clase-abierta\/\" target=\"_blank\">Ver y compartir invitaci\u00f3n aqu\u00ed!<\/a><\/p>\n","protected":false},"excerpt":{"rendered":"<p>STOLBIZER AYER ESTUVO EN TIERRA DEL FUEGO. MA\u00d1ANA REALIZAR\u00c1 UNA JORNADA DE BALANCE SOBRE 12 A\u00d1OS DE KIRCHNERISMO CON SARLO, KATZ, GARGARELLA, VEZZETTI, LO VUOLO Y SALVIA<\/p>\n","protected":false},"author":2,"featured_media":2182,"comment_status":"closed","ping_status":"closed","sticky":false,"template":"","format":"standard","meta":{"footnotes":""},"categories":[44,95,47,79],"tags":[],"class_list":["post-2181","post","type-post","status-publish","format-standard","has-post-thumbnail","hentry","category-actualidad","category-campana-presidencial-2015","category-margarita-stolbizer-diputados-nacionales","category-tierra-del-fuego"],"_links":{"self":[{"href":"https:\/\/www.partidogen.org.ar\/web\/wp-json\/wp\/v2\/posts\/2181","targetHints":{"allow":["GET"]}}],"collection":[{"href":"https:\/\/www.partidogen.org.ar\/web\/wp-json\/wp\/v2\/posts"}],"about":[{"href":"https:\/\/www.partidogen.org.ar\/web\/wp-json\/wp\/v2\/types\/post"}],"author":[{"embeddable":true,"href":"https:\/\/www.partidogen.org.ar\/web\/wp-json\/wp\/v2\/users\/2"}],"replies":[{"embeddable":true,"href":"https:\/\/www.partidogen.org.ar\/web\/wp-json\/wp\/v2\/comments?post=2181"}],"version-history":[{"count":0,"href":"https:\/\/www.partidogen.org.ar\/web\/wp-json\/wp\/v2\/posts\/2181\/revisions"}],"wp:featuredmedia":[{"embeddable":true,"href":"https:\/\/www.partidogen.org.ar\/web\/wp-json\/wp\/v2\/media\/2182"}],"wp:attachment":[{"href":"https:\/\/www.partidogen.org.ar\/web\/wp-json\/wp\/v2\/media?parent=2181"}],"wp:term":[{"taxonomy":"category","embeddable":true,"href":"https:\/\/www.partidogen.org.ar\/web\/wp-json\/wp\/v2\/categories?post=2181"},{"taxonomy":"post_tag","embeddable":true,"href":"https:\/\/www.partidogen.org.ar\/web\/wp-json\/wp\/v2\/tags?post=2181"}],"curies":[{"name":"wp","href":"https:\/\/api.w.org\/{rel}","templated":true}]}}