{"id":2098,"date":"2015-05-16T14:05:13","date_gmt":"2015-05-16T17:05:13","guid":{"rendered":"http:\/\/www.partidogen.org.ar\/web\/?p=2098"},"modified":"2015-05-22T00:47:43","modified_gmt":"2015-05-22T03:47:43","slug":"invitacion-encuentro-con-el-alcalde-de-berlin","status":"publish","type":"post","link":"https:\/\/www.partidogen.org.ar\/web\/invitacion-encuentro-con-el-alcalde-de-berlin\/","title":{"rendered":"INVITACI\u00d3N ENCUENTRO CON EL ALCALDE DE BERL\u00cdN"},"content":{"rendered":"<p><img loading=\"lazy\" decoding=\"async\" src=\"http:\/\/www.partidogen.org.ar\/web\/wp-content\/uploads\/2015\/05\/231.jpg\" alt=\"INVITACI\u00d3N ENCUENTRO CON EL ALCALDE DE BERL\u00cdN\" width=\"1232\" height=\"335\" class=\"alignnone size-full wp-image-2102\" srcset=\"https:\/\/www.partidogen.org.ar\/web\/wp-content\/uploads\/2015\/05\/231.jpg 1232w, https:\/\/www.partidogen.org.ar\/web\/wp-content\/uploads\/2015\/05\/231-300x81.jpg 300w, https:\/\/www.partidogen.org.ar\/web\/wp-content\/uploads\/2015\/05\/231-1024x278.jpg 1024w, https:\/\/www.partidogen.org.ar\/web\/wp-content\/uploads\/2015\/05\/231-100x27.jpg 100w, https:\/\/www.partidogen.org.ar\/web\/wp-content\/uploads\/2015\/05\/231-150x40.jpg 150w, https:\/\/www.partidogen.org.ar\/web\/wp-content\/uploads\/2015\/05\/231-200x54.jpg 200w, https:\/\/www.partidogen.org.ar\/web\/wp-content\/uploads\/2015\/05\/231-450x122.jpg 450w, https:\/\/www.partidogen.org.ar\/web\/wp-content\/uploads\/2015\/05\/231-600x163.jpg 600w, https:\/\/www.partidogen.org.ar\/web\/wp-content\/uploads\/2015\/05\/231-900x244.jpg 900w\" sizes=\"auto, (max-width: 1232px) 100vw, 1232px\" \/><br \/>\n<strong>\u201cGesti\u00f3n local sustentable \u2013 la diferencia de pol\u00edticas p\u00fablicas del progresismo\u201d<\/strong><\/p>\n<p><span class=\"first\">P<\/span>anel con el Alcalde de Berl\u00edn, Michael M\u00fcller, y Margarita Stolbizer<br \/>\n19 de mayo 2015, 17 horas, Hotel Castelar<\/p>\n<p style=\"text-align: right;\">Buenos Aires, 7 de mayo de 2015<\/p>\n<p>Por medio de la presente, tengo el placer de invitarlo\/a a la presentaci\u00f3n que realizar\u00e1 el Sr. Alcalde de Berl\u00edn, Michael M\u00fcller, sobre la identidad del progresismo en las pol\u00edticas p\u00fablicas, que la FES organiza conjuntamente con el Instituto GEN (IGEN) y el Centro de Estudios Municipales y Provinciales (CEMUPRO), el d\u00eda martes 19 de mayo de 2015 a las 17hs. \u2013puntual-, en el Hotel Castelar, Avda. de Mayo 1152.<\/p>\n<p>En dicha presentaci\u00f3n el Alcalde de Berl\u00edn estar\u00e1 acompa\u00f1ado por la diputada nacional Margarita Stolbizer, precandidata a la presidencia de la Naci\u00f3n.<\/p>\n<p>Antes de ser Alcalde de Berl\u00edn, Michael M\u00fcller, fue Ministro de Desarrollo Urbano y Medio Ambiente, y presidente del grupo parlamentario del SPD en la C\u00e1mara de Representantes de la ciudad, siendo desde 1996, miembro de la misma.<br \/>\nSer\u00eda para nosotros un honor contar con su presencia en esta presentaci\u00f3n.<\/p>\n<p>Muy atentamente,<br \/>\nD\u00f6rte Wollrad<\/p>\n<p><a href=\"http:\/\/www.partidogen.org.ar\/web\/wp-content\/uploads\/2015\/05\/Invitaci\u00f3n-FES_M\u00fcller_21.pdf\" target=\"_blank\">Descargar Invitaci\u00f3n FES_M\u00fcller<\/a><\/p>\n","protected":false},"excerpt":{"rendered":"<p>\u201cGesti\u00f3n local sustentable \u2013 la diferencia de pol\u00edticas p\u00fablicas del progresismo\u201d Panel con el Alcalde de Berl\u00edn, Michael M\u00fcller, y Margarita Stolbizer 19 de mayo 2015, 17 horas, Hotel Castelar Buenos Aires, 7 de mayo de 2015 Por medio de la presente, tengo el placer de invitarlo\/a a la presentaci\u00f3n que realizar\u00e1 el Sr. Alcalde [&hellip;]<\/p>\n","protected":false},"author":2,"featured_media":2102,"comment_status":"closed","ping_status":"closed","sticky":false,"template":"","format":"standard","meta":{"footnotes":""},"categories":[88],"tags":[],"class_list":["post-2098","post","type-post","status-publish","format-standard","has-post-thumbnail","hentry","category-actividades-2015"],"_links":{"self":[{"href":"https:\/\/www.partidogen.org.ar\/web\/wp-json\/wp\/v2\/posts\/2098","targetHints":{"allow":["GET"]}}],"collection":[{"href":"https:\/\/www.partidogen.org.ar\/web\/wp-json\/wp\/v2\/posts"}],"about":[{"href":"https:\/\/www.partidogen.org.ar\/web\/wp-json\/wp\/v2\/types\/post"}],"author":[{"embeddable":true,"href":"https:\/\/www.partidogen.org.ar\/web\/wp-json\/wp\/v2\/users\/2"}],"replies":[{"embeddable":true,"href":"https:\/\/www.partidogen.org.ar\/web\/wp-json\/wp\/v2\/comments?post=2098"}],"version-history":[{"count":0,"href":"https:\/\/www.partidogen.org.ar\/web\/wp-json\/wp\/v2\/posts\/2098\/revisions"}],"wp:featuredmedia":[{"embeddable":true,"href":"https:\/\/www.partidogen.org.ar\/web\/wp-json\/wp\/v2\/media\/2102"}],"wp:attachment":[{"href":"https:\/\/www.partidogen.org.ar\/web\/wp-json\/wp\/v2\/media?parent=2098"}],"wp:term":[{"taxonomy":"category","embeddable":true,"href":"https:\/\/www.partidogen.org.ar\/web\/wp-json\/wp\/v2\/categories?post=2098"},{"taxonomy":"post_tag","embeddable":true,"href":"https:\/\/www.partidogen.org.ar\/web\/wp-json\/wp\/v2\/tags?post=2098"}],"curies":[{"name":"wp","href":"https:\/\/api.w.org\/{rel}","templated":true}]}}