{"id":1628,"date":"2015-03-27T13:43:51","date_gmt":"2015-03-27T16:43:51","guid":{"rendered":"http:\/\/www.partidogen.org.ar\/web\/?p=1628"},"modified":"2015-03-27T13:47:23","modified_gmt":"2015-03-27T16:47:23","slug":"la-jgen-repudia-la-represion-a-los-pueblos-originarios","status":"publish","type":"post","link":"https:\/\/www.partidogen.org.ar\/web\/la-jgen-repudia-la-represion-a-los-pueblos-originarios\/","title":{"rendered":"LA JGEN REPUDIA LA REPRESI\u00d3N A LOS PUEBLOS ORIGINARIOS"},"content":{"rendered":"<p><img loading=\"lazy\" decoding=\"async\" src=\"http:\/\/www.partidogen.org.ar\/web\/wp-content\/uploads\/2015\/03\/174.jpg\" alt=\"LA JGEN REPUDIA LA REPRESI\u00d3N A LOS PUEBLOS ORIGINARIOS\" width=\"1232\" height=\"335\" class=\"alignnone size-full wp-image-1629\" srcset=\"https:\/\/www.partidogen.org.ar\/web\/wp-content\/uploads\/2015\/03\/174.jpg 1232w, https:\/\/www.partidogen.org.ar\/web\/wp-content\/uploads\/2015\/03\/174-300x81.jpg 300w, https:\/\/www.partidogen.org.ar\/web\/wp-content\/uploads\/2015\/03\/174-1024x278.jpg 1024w, https:\/\/www.partidogen.org.ar\/web\/wp-content\/uploads\/2015\/03\/174-100x27.jpg 100w, https:\/\/www.partidogen.org.ar\/web\/wp-content\/uploads\/2015\/03\/174-150x40.jpg 150w, https:\/\/www.partidogen.org.ar\/web\/wp-content\/uploads\/2015\/03\/174-200x54.jpg 200w, https:\/\/www.partidogen.org.ar\/web\/wp-content\/uploads\/2015\/03\/174-450x122.jpg 450w, https:\/\/www.partidogen.org.ar\/web\/wp-content\/uploads\/2015\/03\/174-600x163.jpg 600w, https:\/\/www.partidogen.org.ar\/web\/wp-content\/uploads\/2015\/03\/174-900x244.jpg 900w\" sizes=\"auto, (max-width: 1232px) 100vw, 1232px\" \/><br \/>\n<strong><span class=\"first\">L<\/span>a Juventud del Partido GEN de la Provincia de Buenos Aires repudia la represi\u00f3n sistem\u00e1tica y constante que sufren nuestros Pueblos Originarios.<\/strong><\/p>\n<p>A su vez acompa\u00f1amos el acampe de nuestros Hermanos de los pueblos que luchan, resistiendo ante el silencio de muchos y la complicidad pol\u00edtica y judicial, por la no vulneraci\u00f3n de sus derechos como personas y due\u00f1os de la tierra\u200e.<\/p>\n<p>Desde la Juventud del Partido GEN convocamos a todos los ciudadanos comprometidos a acompa\u00f1ar y ayudar a hacer o\u00edr la voz de los que no tienen voz porque son silenciados con palos y balas por el estado y condenados al hambre y a la dependencia.<br \/>\n<img loading=\"lazy\" decoding=\"async\" src=\"http:\/\/genbuenosaires.org.ar\/wp-content\/uploads\/2014\/06\/nov_1244-150x150.jpg\" alt=\"Martin Topich\" width=\"150\" height=\"150\" class=\"alignleft size-thumbnail wp-image-12374\" \/><br \/>\nMart\u00edn Topich<br \/>\nSecretario General<br \/>\nJuventud Partido GEN<br \/>\nPcia. de Bs.As<\/p>\n","protected":false},"excerpt":{"rendered":"<p>La Juventud del Partido GEN de la Provincia de Buenos Aires repudia la represi\u00f3n sistem\u00e1tica y constante que sufren nuestros Pueblos Originarios. A su vez acompa\u00f1amos el acampe de nuestros Hermanos de los pueblos que luchan, resistiendo ante el silencio de muchos y la complicidad pol\u00edtica y judicial, por la no vulneraci\u00f3n de sus derechos [&hellip;]<\/p>\n","protected":false},"author":2,"featured_media":1629,"comment_status":"closed","ping_status":"closed","sticky":false,"template":"","format":"standard","meta":{"footnotes":""},"categories":[58],"tags":[],"class_list":["post-1628","post","type-post","status-publish","format-standard","has-post-thumbnail","hentry","category-juventud-nacional"],"_links":{"self":[{"href":"https:\/\/www.partidogen.org.ar\/web\/wp-json\/wp\/v2\/posts\/1628","targetHints":{"allow":["GET"]}}],"collection":[{"href":"https:\/\/www.partidogen.org.ar\/web\/wp-json\/wp\/v2\/posts"}],"about":[{"href":"https:\/\/www.partidogen.org.ar\/web\/wp-json\/wp\/v2\/types\/post"}],"author":[{"embeddable":true,"href":"https:\/\/www.partidogen.org.ar\/web\/wp-json\/wp\/v2\/users\/2"}],"replies":[{"embeddable":true,"href":"https:\/\/www.partidogen.org.ar\/web\/wp-json\/wp\/v2\/comments?post=1628"}],"version-history":[{"count":0,"href":"https:\/\/www.partidogen.org.ar\/web\/wp-json\/wp\/v2\/posts\/1628\/revisions"}],"wp:featuredmedia":[{"embeddable":true,"href":"https:\/\/www.partidogen.org.ar\/web\/wp-json\/wp\/v2\/media\/1629"}],"wp:attachment":[{"href":"https:\/\/www.partidogen.org.ar\/web\/wp-json\/wp\/v2\/media?parent=1628"}],"wp:term":[{"taxonomy":"category","embeddable":true,"href":"https:\/\/www.partidogen.org.ar\/web\/wp-json\/wp\/v2\/categories?post=1628"},{"taxonomy":"post_tag","embeddable":true,"href":"https:\/\/www.partidogen.org.ar\/web\/wp-json\/wp\/v2\/tags?post=1628"}],"curies":[{"name":"wp","href":"https:\/\/api.w.org\/{rel}","templated":true}]}}