{"id":1483,"date":"2015-02-23T10:30:43","date_gmt":"2015-02-23T10:30:43","guid":{"rendered":"http:\/\/www.partidogen.org.ar\/web\/?p=1483"},"modified":"2015-02-26T11:09:42","modified_gmt":"2015-02-26T11:09:42","slug":"la-provincia-incorporo-cambios-en-el-fondo-de-financiamiento-educativo","status":"publish","type":"post","link":"https:\/\/www.partidogen.org.ar\/web\/la-provincia-incorporo-cambios-en-el-fondo-de-financiamiento-educativo\/","title":{"rendered":"LA PROVINCIA INCORPOR\u00d3 CAMBIOS EN EL FONDO DE FINANCIAMIENTO EDUCATIVO"},"content":{"rendered":"<p><img loading=\"lazy\" decoding=\"async\" src=\"http:\/\/www.partidogen.org.ar\/web\/wp-content\/uploads\/2015\/02\/140.jpg\" alt=\"Martin Topich\" width=\"1232\" height=\"335\" class=\"alignnone size-full wp-image-1484\" srcset=\"https:\/\/www.partidogen.org.ar\/web\/wp-content\/uploads\/2015\/02\/140.jpg 1232w, https:\/\/www.partidogen.org.ar\/web\/wp-content\/uploads\/2015\/02\/140-300x81.jpg 300w, https:\/\/www.partidogen.org.ar\/web\/wp-content\/uploads\/2015\/02\/140-1024x278.jpg 1024w, https:\/\/www.partidogen.org.ar\/web\/wp-content\/uploads\/2015\/02\/140-100x27.jpg 100w, https:\/\/www.partidogen.org.ar\/web\/wp-content\/uploads\/2015\/02\/140-150x40.jpg 150w, https:\/\/www.partidogen.org.ar\/web\/wp-content\/uploads\/2015\/02\/140-200x54.jpg 200w, https:\/\/www.partidogen.org.ar\/web\/wp-content\/uploads\/2015\/02\/140-450x122.jpg 450w, https:\/\/www.partidogen.org.ar\/web\/wp-content\/uploads\/2015\/02\/140-600x163.jpg 600w, https:\/\/www.partidogen.org.ar\/web\/wp-content\/uploads\/2015\/02\/140-900x244.jpg 900w\" sizes=\"auto, (max-width: 1232px) 100vw, 1232px\" \/><br \/>\n<strong><span class=\"first\">M<\/span>art\u00edn Topich, Secretario General de la Juventud del Partido GEN, es el autor de la investigaci\u00f3n que el a\u00f1o pasado hizo que salgan a la luz datos centrales sobre el Fondo de Financiamiento Educativo y se debatiera profundamente la utilizaci\u00f3n en los municipios bonaerenses. <\/strong><\/p>\n<p><em>\u00abGracias al trabajo realizado el a\u00f1o pasado sobre el Fondo de Financiamiento Educativo y a todos los que se interesaron y me invitaron a sus pueblos a debatir, logramos que se haga conocer el tema y que el gobierno provincial haga efectivos los cambios que propon\u00edamos para transparentarlo y para que su utilizaci\u00f3n sea en temas referidos a educaci\u00f3n y as\u00ed muchos de los intendentes que lo administraban a su antojo hoy tengan que empezar a utilizarlo para lo que fue creado\u00bb.<\/em><\/p>\n<p>Dicho Fondo son recursos de origen coparticipables por Naci\u00f3n, creado por el art\u00edculo 7\u00b0 de la Ley  N\u00ba 26.075 de Financiamiento Educativo Nacional y prorrogado por la Ley de Presupuesto, el art.19 de la Ley 27.008 establece la vigencia para el ejercicio fiscal 2015. Su reparto en los municipios de la Provincia es autom\u00e1tico y son los Intendentes quienes lo administran.<\/p>\n<p>En cuanto a las motivaciones de Mart\u00edn Topich para trabajar sobre este tema argument\u00f3 <em>\u00abobservamos que en varios distritos los concejales y consejeros escolares, estos \u00faltimos incre\u00edblemente no son los que manejan estos fondos, han presentado los pedidos de informe pertinentes y nunca obtuvieron respuestas o no quedaba bien en claro la cantidad de dinero recibida y su utilizaci\u00f3n por parte del ejecutivo, esto nos motiv\u00f3 a realizar las investigaciones necesarias para que los datos, que deber\u00edan ser p\u00fablicos, puedan conocerse y contarle a la sociedad todo lo que se podr\u00eda hacer en caso de utilizarlo correctamente\u00bb<\/em>.<\/p>\n<p>La resoluci\u00f3n emitida por el Tribunal de Cuentas de la Provincia fue tomada como un logro por Topich quien cont\u00f3 con el apoyo de la Diputada Nacional Margarita Stolbizer y del Presidente del Bloque FAP bonaerense, Diputado Marcelo D\u00edaz, en la presentaci\u00f3n del informe, \u00abEl Tribunal de Cuentas, a trav\u00e9s de la resoluci\u00f3n 010\/14 fij\u00f3 que la utilizaci\u00f3n de los recursos del Fondo Educativo Nacional por parte de los municipios sea con fines estrictamente educativos, adem\u00e1s establece que s\u00f3lo podr\u00e1n utilizarlo en construcci\u00f3n y\/o mantenimiento de infraestructura escolar, generaci\u00f3n de programas de capacitaci\u00f3n y apoyo pedag\u00f3gico y adquisici\u00f3n y\/o mantenimiento de equipamiento escolar\u00bb.<\/p>\n<p><em>\u00abEsto lo tomamos como un logro de la militancia y del compromiso que tenemos con la Educaci\u00f3n p\u00fablica y con la correcta utilizaci\u00f3n de los fondos p\u00fablicos. Estamos muy contentos y esto nos motiva a seguir adelante\u00bb<\/em> se\u00f1al\u00f3.<\/p>\n","protected":false},"excerpt":{"rendered":"<p>Mart\u00edn Topich, Secretario General de la Juventud del Partido GEN, es el autor de la investigaci\u00f3n que el a\u00f1o pasado hizo que salgan a la luz datos centrales sobre el Fondo de Financiamiento Educativo y se debatiera profundamente la utilizaci\u00f3n en los municipios bonaerenses. \u00abGracias al trabajo realizado el a\u00f1o pasado sobre el Fondo de [&hellip;]<\/p>\n","protected":false},"author":2,"featured_media":1484,"comment_status":"closed","ping_status":"closed","sticky":false,"template":"","format":"standard","meta":{"footnotes":""},"categories":[44,58],"tags":[],"class_list":["post-1483","post","type-post","status-publish","format-standard","has-post-thumbnail","hentry","category-actualidad","category-juventud-nacional"],"_links":{"self":[{"href":"https:\/\/www.partidogen.org.ar\/web\/wp-json\/wp\/v2\/posts\/1483","targetHints":{"allow":["GET"]}}],"collection":[{"href":"https:\/\/www.partidogen.org.ar\/web\/wp-json\/wp\/v2\/posts"}],"about":[{"href":"https:\/\/www.partidogen.org.ar\/web\/wp-json\/wp\/v2\/types\/post"}],"author":[{"embeddable":true,"href":"https:\/\/www.partidogen.org.ar\/web\/wp-json\/wp\/v2\/users\/2"}],"replies":[{"embeddable":true,"href":"https:\/\/www.partidogen.org.ar\/web\/wp-json\/wp\/v2\/comments?post=1483"}],"version-history":[{"count":0,"href":"https:\/\/www.partidogen.org.ar\/web\/wp-json\/wp\/v2\/posts\/1483\/revisions"}],"wp:featuredmedia":[{"embeddable":true,"href":"https:\/\/www.partidogen.org.ar\/web\/wp-json\/wp\/v2\/media\/1484"}],"wp:attachment":[{"href":"https:\/\/www.partidogen.org.ar\/web\/wp-json\/wp\/v2\/media?parent=1483"}],"wp:term":[{"taxonomy":"category","embeddable":true,"href":"https:\/\/www.partidogen.org.ar\/web\/wp-json\/wp\/v2\/categories?post=1483"},{"taxonomy":"post_tag","embeddable":true,"href":"https:\/\/www.partidogen.org.ar\/web\/wp-json\/wp\/v2\/tags?post=1483"}],"curies":[{"name":"wp","href":"https:\/\/api.w.org\/{rel}","templated":true}]}}