{"id":1451,"date":"2015-02-19T13:00:56","date_gmt":"2015-02-19T13:00:56","guid":{"rendered":"http:\/\/www.partidogen.org.ar\/web\/?p=1451"},"modified":"2015-02-22T17:02:17","modified_gmt":"2015-02-22T17:02:17","slug":"encuentro-margarita-stolbizer-con-pablo-micheli","status":"publish","type":"post","link":"https:\/\/www.partidogen.org.ar\/web\/encuentro-margarita-stolbizer-con-pablo-micheli\/","title":{"rendered":"ENCUENTRO MARGARITA STOLBIZER CON PABLO MICHELI DE LA CTA"},"content":{"rendered":"<p><img loading=\"lazy\" decoding=\"async\" src=\"http:\/\/www.partidogen.org.ar\/web\/wp-content\/uploads\/2015\/02\/133.jpg\" alt=\"ENCUENTRO MARGARITA STOLBIZER CON PABLO MICHELI\" width=\"1232\" height=\"335\" class=\"alignnone size-full wp-image-1452\" srcset=\"https:\/\/www.partidogen.org.ar\/web\/wp-content\/uploads\/2015\/02\/133.jpg 1232w, https:\/\/www.partidogen.org.ar\/web\/wp-content\/uploads\/2015\/02\/133-300x81.jpg 300w, https:\/\/www.partidogen.org.ar\/web\/wp-content\/uploads\/2015\/02\/133-1024x278.jpg 1024w, https:\/\/www.partidogen.org.ar\/web\/wp-content\/uploads\/2015\/02\/133-100x27.jpg 100w, https:\/\/www.partidogen.org.ar\/web\/wp-content\/uploads\/2015\/02\/133-150x40.jpg 150w, https:\/\/www.partidogen.org.ar\/web\/wp-content\/uploads\/2015\/02\/133-200x54.jpg 200w, https:\/\/www.partidogen.org.ar\/web\/wp-content\/uploads\/2015\/02\/133-450x122.jpg 450w, https:\/\/www.partidogen.org.ar\/web\/wp-content\/uploads\/2015\/02\/133-600x163.jpg 600w, https:\/\/www.partidogen.org.ar\/web\/wp-content\/uploads\/2015\/02\/133-900x244.jpg 900w\" sizes=\"auto, (max-width: 1232px) 100vw, 1232px\" \/><br \/>\n<strong><span class=\"first\">E<\/span>sta ma\u00f1ana, Margarita Stolbizer, Presidenta del Partido GEN, recibi\u00f3 a Pablo Micheli, Secretario General de la Central de Trabajadores de la Argentina (CTA). <\/strong><\/p>\n<p>En el encuentro se analiz\u00f3 el impacto social y pol\u00edtico que tuvo la \u00abMarcha de Silencio\u00bb y se discuti\u00f3 una agenda conjunta de trabajo para los pr\u00f3ximos meses. Micheli invit\u00f3 a Stolbizer a la CTA, quien confirm\u00f3 su presencia y concurrir\u00e1 junto a la mesa nacional del GEN, para continuar coordinando distintas actividades.<\/p>\n<p>[wpsgallery]<\/p>\n","protected":false},"excerpt":{"rendered":"<p>Esta ma\u00f1ana, Margarita Stolbizer, Presidenta del Partido GEN, recibi\u00f3 a Pablo Micheli, Secretario General de la Central de Trabajadores de la Argentina (CTA). En el encuentro se analiz\u00f3 el impacto social y pol\u00edtico que tuvo la \u00abMarcha de Silencio\u00bb y se discuti\u00f3 una agenda conjunta de trabajo para los pr\u00f3ximos meses. Micheli invit\u00f3 a Stolbizer [&hellip;]<\/p>\n","protected":false},"author":2,"featured_media":1452,"comment_status":"closed","ping_status":"closed","sticky":false,"template":"","format":"standard","meta":{"footnotes":""},"categories":[44,91,47],"tags":[],"class_list":["post-1451","post","type-post","status-publish","format-standard","has-post-thumbnail","hentry","category-actualidad","category-caso-nisman","category-margarita-stolbizer-diputados-nacionales"],"_links":{"self":[{"href":"https:\/\/www.partidogen.org.ar\/web\/wp-json\/wp\/v2\/posts\/1451","targetHints":{"allow":["GET"]}}],"collection":[{"href":"https:\/\/www.partidogen.org.ar\/web\/wp-json\/wp\/v2\/posts"}],"about":[{"href":"https:\/\/www.partidogen.org.ar\/web\/wp-json\/wp\/v2\/types\/post"}],"author":[{"embeddable":true,"href":"https:\/\/www.partidogen.org.ar\/web\/wp-json\/wp\/v2\/users\/2"}],"replies":[{"embeddable":true,"href":"https:\/\/www.partidogen.org.ar\/web\/wp-json\/wp\/v2\/comments?post=1451"}],"version-history":[{"count":0,"href":"https:\/\/www.partidogen.org.ar\/web\/wp-json\/wp\/v2\/posts\/1451\/revisions"}],"wp:featuredmedia":[{"embeddable":true,"href":"https:\/\/www.partidogen.org.ar\/web\/wp-json\/wp\/v2\/media\/1452"}],"wp:attachment":[{"href":"https:\/\/www.partidogen.org.ar\/web\/wp-json\/wp\/v2\/media?parent=1451"}],"wp:term":[{"taxonomy":"category","embeddable":true,"href":"https:\/\/www.partidogen.org.ar\/web\/wp-json\/wp\/v2\/categories?post=1451"},{"taxonomy":"post_tag","embeddable":true,"href":"https:\/\/www.partidogen.org.ar\/web\/wp-json\/wp\/v2\/tags?post=1451"}],"curies":[{"name":"wp","href":"https:\/\/api.w.org\/{rel}","templated":true}]}}